{"id":1557,"date":"2024-02-01T06:13:17","date_gmt":"2024-02-01T06:13:17","guid":{"rendered":"https:\/\/www.asebier.org\/?p=1557"},"modified":"2024-02-01T06:13:18","modified_gmt":"2024-02-01T06:13:18","slug":"el-mes-de-las-enfermedades-raras-una-oportunidad-para-dar-visibilidad-y-generar-conciencia","status":"publish","type":"post","link":"https:\/\/www.asebier.org\/?p=1557","title":{"rendered":"El mes de las Enfermedades Raras: Una oportunidad para dar visibilidad y generar conciencia"},"content":{"rendered":"\n<div class=\"wp-block-columns is-layout-flex wp-container-core-columns-is-layout-9d6595d7 wp-block-columns-is-layout-flex\">\n<div class=\"wp-block-column is-layout-flow wp-block-column-is-layout-flow\" style=\"flex-basis:100%\"><\/div>\n<\/div>\n\n\n\n<p>Cada a\u00f1o, el \u00faltimo d\u00eda de febrero marca el<strong> D\u00eda Mundial de las Enfermedades Raras<\/strong>. Este d\u00eda simboliza un esfuerzo global para aumentar la conciencia y comprensi\u00f3n sobre las miles de enfermedades raras que afectan a millones de personas en todo el mundo.<\/p>\n\n\n\n<p><strong>La Realidad de las Enfermedades Raras<\/strong><\/p>\n\n\n<div class=\"wp-block-image\">\n<figure class=\"alignleft size-full is-resized\"><img fetchpriority=\"high\" decoding=\"async\" width=\"720\" height=\"960\" src=\"https:\/\/www.asebier.org\/wp-content\/uploads\/2024\/01\/foto.png\" alt=\"\" class=\"wp-image-1559\" style=\"width:337px;height:auto\" srcset=\"https:\/\/www.asebier.org\/wp-content\/uploads\/2024\/01\/foto.png 720w, https:\/\/www.asebier.org\/wp-content\/uploads\/2024\/01\/foto-225x300.png 225w\" sizes=\"(max-width: 720px) 100vw, 720px\" \/><\/figure>\n<\/div>\n\n\n<p>Se considera que una enfermedad es rara cuando afecta a menos de <strong>5 casos por cada 10.000 habitantes<\/strong>. Aunque cada enfermedad rara en s\u00ed misma pueda afectar a un n\u00famero limitado de personas, en conjunto, estas condiciones afectan a<strong> 300 millones de personas en todo mundo<\/strong> (<strong>7% de la poblaci\u00f3n Mundial<\/strong>) ,<strong> 30 millones de Europeos y 3 millones de Espa\u00f1oles<\/strong>. Seg\u00fan la Organizaci\u00f3n Mundial de la Salud (OMS), se estima que existen cerca de <strong>7.000 enfermedades raras<\/strong> identificadas hasta el momento.<\/p>\n\n\n\n<p>La mayor\u00eda de estas enfermedades son cr\u00f3nicas, gen\u00e9ticas y degenerativas y, en muchos casos, ponen en riesgo la vida. Adem\u00e1s, su rareza a menudo dificulta el diagn\u00f3stico y tratamiento adecuados, ya que los profesionales de la salud pueden no estar familiarizados con ellas. Esto lleva a que los pacientes y sus familias enfrenten desaf\u00edos significativos en su viaje m\u00e9dico.<\/p>\n\n\n\n<p><strong>El mes de las Enfermedades Raras como plataforma de conciencia<\/strong><\/p>\n\n\n\n<p>Febrero se ha designado como el Mes de las Enfermedades Raras, un per\u00edodo dedicado a aumentar la conciencia p\u00fablica sobre estas condiciones y a abogar por un mayor apoyo en t\u00e9rminos de <strong>investigaci\u00f3n, diagn\u00f3stico y tratamiento.<\/strong><\/p>\n\n\n\n<p>Durante este mes, diversas organizaciones, pacientes y defensores de la salud se unen para organizar eventos, campa\u00f1as de concienciaci\u00f3n y actividades destinadas a informar al p\u00fablico sobre la realidad de vivir con una enfermedad rara. El objetivo es brindar visibilidad a las historias de aquellos que luchan contra estas condiciones y crear una red de apoyo que fomente la investigaci\u00f3n y mejore la calidad de vida de los afectados.<\/p>\n\n\n\n<p><strong>C\u00f3mo puedes contribuir a dar Visibilidad:<\/strong><\/p>\n\n\n\n<ol class=\"wp-block-list\">\n<li><strong>Comparte historias y experiencias:<\/strong> Utiliza las redes sociales y otras plataformas para compartir historias de personas que viven con enfermedades raras. Esto ayuda a sensibilizar a la sociedad y a humanizar las luchas que enfrentan.<\/li>\n\n\n\n<li><strong>Participa en eventos locales o virtuales:<\/strong> Busca eventos locales o virtuales organizados durante el mes de las Enfermedades Raras. Puedes participar, contribuir o simplemente asistir para aprender m\u00e1s sobre estas condiciones y mostrar tu apoyo.<\/li>\n\n\n\n<li><strong>Utiliza el poder de las Redes Sociales:<\/strong> Crea conciencia compartiendo informaci\u00f3n, utilizando hashtags relevantes como <strong><mark style=\"background-color:rgba(0, 0, 0, 0)\" class=\"has-inline-color has-neve-link-hover-color-color\">#enfermedadesraras  #rarediseases<\/mark><\/strong>\u00a0 y participando en conversaciones en l\u00ednea. Cuanto m\u00e1s se hable sobre las enfermedades raras, m\u00e1s atenci\u00f3n atraer\u00e1n.<\/li>\n\n\n\n<li><strong>Dona a organizaciones de Enfermedades Raras:<\/strong> Muchas organizaciones sin fines de lucro se dedican a la investigaci\u00f3n y el apoyo a personas con enfermedades raras. Considera hacer una donaci\u00f3n para ayudar en la b\u00fasqueda de tratamientos y curas.<\/li>\n\n\n\n<li><strong>Educa a tu comunidad:<\/strong> Comparte informaci\u00f3n en tu entorno, ya sea en tu lugar de trabajo, en la escuela o en tu comunidad local. La educaci\u00f3n es fundamental para superar los estigmas y las barreras asociadas con las enfermedades raras.<\/li>\n<\/ol>\n\n\n\n<p>El Mes de las Enfermedades Raras ofrece una oportunidad invaluable para destacar la importancia de la investigaci\u00f3n, el apoyo y la comprensi\u00f3n. Al dar visibilidad a estas condiciones, contribuimos a construir un mundo m\u00e1s inclusivo y solidario para aquellos que luchan contra lo extraordinario en su d\u00eda a d\u00eda.<\/p>\n","protected":false},"excerpt":{"rendered":"<p>Cada a\u00f1o, el \u00faltimo d\u00eda de febrero marca el D\u00eda Mundial de las Enfermedades Raras. Este d\u00eda simboliza un esfuerzo global para aumentar la conciencia y comprensi\u00f3n sobre las miles&hellip;&nbsp;<a href=\"https:\/\/www.asebier.org\/?p=1557\" class=\"\" rel=\"bookmark\">Leer m\u00e1s &raquo;<span class=\"screen-reader-text\">El mes de las Enfermedades Raras: Una oportunidad para dar visibilidad y generar conciencia<\/span><\/a><\/p>\n","protected":false},"author":2,"featured_media":0,"comment_status":"open","ping_status":"closed","sticky":false,"template":"","format":"standard","meta":{"neve_meta_sidebar":"","neve_meta_container":"","neve_meta_enable_content_width":"","neve_meta_content_width":0,"neve_meta_title_alignment":"","neve_meta_author_avatar":"","neve_post_elements_order":"","neve_meta_disable_header":"","neve_meta_disable_footer":"","neve_meta_disable_title":"","footnotes":""},"categories":[1],"tags":[],"class_list":["post-1557","post","type-post","status-publish","format-standard","hentry","category-uncategorized"],"yoast_head":"<!-- This site is optimized with the Yoast SEO plugin v27.5 - https:\/\/yoast.com\/product\/yoast-seo-wordpress\/ -->\n<title>El mes de las Enfermedades Raras: Una oportunidad para dar visibilidad y generar conciencia - ASEBIER<\/title>\n<meta name=\"robots\" content=\"index, follow, max-snippet:-1, max-image-preview:large, max-video-preview:-1\" \/>\n<link rel=\"canonical\" href=\"https:\/\/www.asebier.org\/?p=1557\" \/>\n<meta property=\"og:locale\" content=\"es_ES\" \/>\n<meta property=\"og:type\" content=\"article\" \/>\n<meta property=\"og:title\" content=\"El mes de las Enfermedades Raras: Una oportunidad para dar visibilidad y generar conciencia - ASEBIER\" \/>\n<meta property=\"og:description\" content=\"Cada a\u00f1o, el \u00faltimo d\u00eda de febrero marca el D\u00eda Mundial de las Enfermedades Raras. Este d\u00eda simboliza un esfuerzo global para aumentar la conciencia y comprensi\u00f3n sobre las miles&hellip;&nbsp;Leer m\u00e1s &raquo;El mes de las Enfermedades Raras: Una oportunidad para dar visibilidad y generar conciencia\" \/>\n<meta property=\"og:url\" content=\"https:\/\/www.asebier.org\/?p=1557\" \/>\n<meta property=\"og:site_name\" content=\"ASEBIER\" \/>\n<meta property=\"article:published_time\" content=\"2024-02-01T06:13:17+00:00\" \/>\n<meta property=\"article:modified_time\" content=\"2024-02-01T06:13:18+00:00\" \/>\n<meta property=\"og:image\" content=\"https:\/\/www.asebier.org\/wp-content\/uploads\/2024\/01\/foto.png\" \/>\n<meta name=\"author\" content=\"Asebier\" \/>\n<meta name=\"twitter:card\" content=\"summary_large_image\" \/>\n<meta name=\"twitter:label1\" content=\"Escrito por\" \/>\n\t<meta name=\"twitter:data1\" content=\"Asebier\" \/>\n\t<meta name=\"twitter:label2\" content=\"Tiempo de lectura\" \/>\n\t<meta name=\"twitter:data2\" content=\"3 minutos\" \/>\n<script type=\"application\/ld+json\" class=\"yoast-schema-graph\">{\"@context\":\"https:\\\/\\\/schema.org\",\"@graph\":[{\"@type\":\"Article\",\"@id\":\"https:\\\/\\\/www.asebier.org\\\/?p=1557#article\",\"isPartOf\":{\"@id\":\"https:\\\/\\\/www.asebier.org\\\/?p=1557\"},\"author\":{\"name\":\"Asebier\",\"@id\":\"https:\\\/\\\/www.asebier.org\\\/#\\\/schema\\\/person\\\/11058a0903ea58288614bf2335d20d21\"},\"headline\":\"El mes de las Enfermedades Raras: Una oportunidad para dar visibilidad y generar conciencia\",\"datePublished\":\"2024-02-01T06:13:17+00:00\",\"dateModified\":\"2024-02-01T06:13:18+00:00\",\"mainEntityOfPage\":{\"@id\":\"https:\\\/\\\/www.asebier.org\\\/?p=1557\"},\"wordCount\":592,\"commentCount\":0,\"publisher\":{\"@id\":\"https:\\\/\\\/www.asebier.org\\\/#organization\"},\"image\":{\"@id\":\"https:\\\/\\\/www.asebier.org\\\/?p=1557#primaryimage\"},\"thumbnailUrl\":\"https:\\\/\\\/www.asebier.org\\\/wp-content\\\/uploads\\\/2024\\\/01\\\/foto.png\",\"articleSection\":[\"Uncategorized\"],\"inLanguage\":\"es\",\"potentialAction\":[{\"@type\":\"CommentAction\",\"name\":\"Comment\",\"target\":[\"https:\\\/\\\/www.asebier.org\\\/?p=1557#respond\"]}]},{\"@type\":\"WebPage\",\"@id\":\"https:\\\/\\\/www.asebier.org\\\/?p=1557\",\"url\":\"https:\\\/\\\/www.asebier.org\\\/?p=1557\",\"name\":\"El mes de las Enfermedades Raras: Una oportunidad para dar visibilidad y generar conciencia - ASEBIER\",\"isPartOf\":{\"@id\":\"https:\\\/\\\/www.asebier.org\\\/#website\"},\"primaryImageOfPage\":{\"@id\":\"https:\\\/\\\/www.asebier.org\\\/?p=1557#primaryimage\"},\"image\":{\"@id\":\"https:\\\/\\\/www.asebier.org\\\/?p=1557#primaryimage\"},\"thumbnailUrl\":\"https:\\\/\\\/www.asebier.org\\\/wp-content\\\/uploads\\\/2024\\\/01\\\/foto.png\",\"datePublished\":\"2024-02-01T06:13:17+00:00\",\"dateModified\":\"2024-02-01T06:13:18+00:00\",\"breadcrumb\":{\"@id\":\"https:\\\/\\\/www.asebier.org\\\/?p=1557#breadcrumb\"},\"inLanguage\":\"es\",\"potentialAction\":[{\"@type\":\"ReadAction\",\"target\":[\"https:\\\/\\\/www.asebier.org\\\/?p=1557\"]}]},{\"@type\":\"ImageObject\",\"inLanguage\":\"es\",\"@id\":\"https:\\\/\\\/www.asebier.org\\\/?p=1557#primaryimage\",\"url\":\"https:\\\/\\\/www.asebier.org\\\/wp-content\\\/uploads\\\/2024\\\/01\\\/foto.png\",\"contentUrl\":\"https:\\\/\\\/www.asebier.org\\\/wp-content\\\/uploads\\\/2024\\\/01\\\/foto.png\",\"width\":720,\"height\":960},{\"@type\":\"BreadcrumbList\",\"@id\":\"https:\\\/\\\/www.asebier.org\\\/?p=1557#breadcrumb\",\"itemListElement\":[{\"@type\":\"ListItem\",\"position\":1,\"name\":\"Portada\",\"item\":\"https:\\\/\\\/www.asebier.org\\\/\"},{\"@type\":\"ListItem\",\"position\":2,\"name\":\"El mes de las Enfermedades Raras: Una oportunidad para dar visibilidad y generar conciencia\"}]},{\"@type\":\"WebSite\",\"@id\":\"https:\\\/\\\/www.asebier.org\\\/#website\",\"url\":\"https:\\\/\\\/www.asebier.org\\\/\",\"name\":\"ASEBIER\",\"description\":\"Asociaci\u00f3n Euskadi Elkartea Enfermedades Raras EBH\",\"publisher\":{\"@id\":\"https:\\\/\\\/www.asebier.org\\\/#organization\"},\"potentialAction\":[{\"@type\":\"SearchAction\",\"target\":{\"@type\":\"EntryPoint\",\"urlTemplate\":\"https:\\\/\\\/www.asebier.org\\\/?s={search_term_string}\"},\"query-input\":{\"@type\":\"PropertyValueSpecification\",\"valueRequired\":true,\"valueName\":\"search_term_string\"}}],\"inLanguage\":\"es\"},{\"@type\":\"Organization\",\"@id\":\"https:\\\/\\\/www.asebier.org\\\/#organization\",\"name\":\"ASEBIER\",\"url\":\"https:\\\/\\\/www.asebier.org\\\/\",\"logo\":{\"@type\":\"ImageObject\",\"inLanguage\":\"es\",\"@id\":\"https:\\\/\\\/www.asebier.org\\\/#\\\/schema\\\/logo\\\/image\\\/\",\"url\":\"https:\\\/\\\/www.asebier.org\\\/wp-content\\\/uploads\\\/2023\\\/11\\\/logo_asebier.png\",\"contentUrl\":\"https:\\\/\\\/www.asebier.org\\\/wp-content\\\/uploads\\\/2023\\\/11\\\/logo_asebier.png\",\"width\":595,\"height\":420,\"caption\":\"ASEBIER\"},\"image\":{\"@id\":\"https:\\\/\\\/www.asebier.org\\\/#\\\/schema\\\/logo\\\/image\\\/\"}},{\"@type\":\"Person\",\"@id\":\"https:\\\/\\\/www.asebier.org\\\/#\\\/schema\\\/person\\\/11058a0903ea58288614bf2335d20d21\",\"name\":\"Asebier\",\"image\":{\"@type\":\"ImageObject\",\"inLanguage\":\"es\",\"@id\":\"https:\\\/\\\/secure.gravatar.com\\\/avatar\\\/bc272ffafacc0541c205fc3aaeaf62b2c2fa37e14be82248f72a31fb74d663a8?s=96&d=mm&r=g\",\"url\":\"https:\\\/\\\/secure.gravatar.com\\\/avatar\\\/bc272ffafacc0541c205fc3aaeaf62b2c2fa37e14be82248f72a31fb74d663a8?s=96&d=mm&r=g\",\"contentUrl\":\"https:\\\/\\\/secure.gravatar.com\\\/avatar\\\/bc272ffafacc0541c205fc3aaeaf62b2c2fa37e14be82248f72a31fb74d663a8?s=96&d=mm&r=g\",\"caption\":\"Asebier\"},\"url\":\"https:\\\/\\\/www.asebier.org\\\/?author=2\"}]}<\/script>\n<!-- \/ Yoast SEO plugin. -->","yoast_head_json":{"title":"El mes de las Enfermedades Raras: Una oportunidad para dar visibilidad y generar conciencia - ASEBIER","robots":{"index":"index","follow":"follow","max-snippet":"max-snippet:-1","max-image-preview":"max-image-preview:large","max-video-preview":"max-video-preview:-1"},"canonical":"https:\/\/www.asebier.org\/?p=1557","og_locale":"es_ES","og_type":"article","og_title":"El mes de las Enfermedades Raras: Una oportunidad para dar visibilidad y generar conciencia - ASEBIER","og_description":"Cada a\u00f1o, el \u00faltimo d\u00eda de febrero marca el D\u00eda Mundial de las Enfermedades Raras. Este d\u00eda simboliza un esfuerzo global para aumentar la conciencia y comprensi\u00f3n sobre las miles&hellip;&nbsp;Leer m\u00e1s &raquo;El mes de las Enfermedades Raras: Una oportunidad para dar visibilidad y generar conciencia","og_url":"https:\/\/www.asebier.org\/?p=1557","og_site_name":"ASEBIER","article_published_time":"2024-02-01T06:13:17+00:00","article_modified_time":"2024-02-01T06:13:18+00:00","og_image":[{"url":"https:\/\/www.asebier.org\/wp-content\/uploads\/2024\/01\/foto.png","type":"","width":"","height":""}],"author":"Asebier","twitter_card":"summary_large_image","twitter_misc":{"Escrito por":"Asebier","Tiempo de lectura":"3 minutos"},"schema":{"@context":"https:\/\/schema.org","@graph":[{"@type":"Article","@id":"https:\/\/www.asebier.org\/?p=1557#article","isPartOf":{"@id":"https:\/\/www.asebier.org\/?p=1557"},"author":{"name":"Asebier","@id":"https:\/\/www.asebier.org\/#\/schema\/person\/11058a0903ea58288614bf2335d20d21"},"headline":"El mes de las Enfermedades Raras: Una oportunidad para dar visibilidad y generar conciencia","datePublished":"2024-02-01T06:13:17+00:00","dateModified":"2024-02-01T06:13:18+00:00","mainEntityOfPage":{"@id":"https:\/\/www.asebier.org\/?p=1557"},"wordCount":592,"commentCount":0,"publisher":{"@id":"https:\/\/www.asebier.org\/#organization"},"image":{"@id":"https:\/\/www.asebier.org\/?p=1557#primaryimage"},"thumbnailUrl":"https:\/\/www.asebier.org\/wp-content\/uploads\/2024\/01\/foto.png","articleSection":["Uncategorized"],"inLanguage":"es","potentialAction":[{"@type":"CommentAction","name":"Comment","target":["https:\/\/www.asebier.org\/?p=1557#respond"]}]},{"@type":"WebPage","@id":"https:\/\/www.asebier.org\/?p=1557","url":"https:\/\/www.asebier.org\/?p=1557","name":"El mes de las Enfermedades Raras: Una oportunidad para dar visibilidad y generar conciencia - ASEBIER","isPartOf":{"@id":"https:\/\/www.asebier.org\/#website"},"primaryImageOfPage":{"@id":"https:\/\/www.asebier.org\/?p=1557#primaryimage"},"image":{"@id":"https:\/\/www.asebier.org\/?p=1557#primaryimage"},"thumbnailUrl":"https:\/\/www.asebier.org\/wp-content\/uploads\/2024\/01\/foto.png","datePublished":"2024-02-01T06:13:17+00:00","dateModified":"2024-02-01T06:13:18+00:00","breadcrumb":{"@id":"https:\/\/www.asebier.org\/?p=1557#breadcrumb"},"inLanguage":"es","potentialAction":[{"@type":"ReadAction","target":["https:\/\/www.asebier.org\/?p=1557"]}]},{"@type":"ImageObject","inLanguage":"es","@id":"https:\/\/www.asebier.org\/?p=1557#primaryimage","url":"https:\/\/www.asebier.org\/wp-content\/uploads\/2024\/01\/foto.png","contentUrl":"https:\/\/www.asebier.org\/wp-content\/uploads\/2024\/01\/foto.png","width":720,"height":960},{"@type":"BreadcrumbList","@id":"https:\/\/www.asebier.org\/?p=1557#breadcrumb","itemListElement":[{"@type":"ListItem","position":1,"name":"Portada","item":"https:\/\/www.asebier.org\/"},{"@type":"ListItem","position":2,"name":"El mes de las Enfermedades Raras: Una oportunidad para dar visibilidad y generar conciencia"}]},{"@type":"WebSite","@id":"https:\/\/www.asebier.org\/#website","url":"https:\/\/www.asebier.org\/","name":"ASEBIER","description":"Asociaci\u00f3n Euskadi Elkartea Enfermedades Raras EBH","publisher":{"@id":"https:\/\/www.asebier.org\/#organization"},"potentialAction":[{"@type":"SearchAction","target":{"@type":"EntryPoint","urlTemplate":"https:\/\/www.asebier.org\/?s={search_term_string}"},"query-input":{"@type":"PropertyValueSpecification","valueRequired":true,"valueName":"search_term_string"}}],"inLanguage":"es"},{"@type":"Organization","@id":"https:\/\/www.asebier.org\/#organization","name":"ASEBIER","url":"https:\/\/www.asebier.org\/","logo":{"@type":"ImageObject","inLanguage":"es","@id":"https:\/\/www.asebier.org\/#\/schema\/logo\/image\/","url":"https:\/\/www.asebier.org\/wp-content\/uploads\/2023\/11\/logo_asebier.png","contentUrl":"https:\/\/www.asebier.org\/wp-content\/uploads\/2023\/11\/logo_asebier.png","width":595,"height":420,"caption":"ASEBIER"},"image":{"@id":"https:\/\/www.asebier.org\/#\/schema\/logo\/image\/"}},{"@type":"Person","@id":"https:\/\/www.asebier.org\/#\/schema\/person\/11058a0903ea58288614bf2335d20d21","name":"Asebier","image":{"@type":"ImageObject","inLanguage":"es","@id":"https:\/\/secure.gravatar.com\/avatar\/bc272ffafacc0541c205fc3aaeaf62b2c2fa37e14be82248f72a31fb74d663a8?s=96&d=mm&r=g","url":"https:\/\/secure.gravatar.com\/avatar\/bc272ffafacc0541c205fc3aaeaf62b2c2fa37e14be82248f72a31fb74d663a8?s=96&d=mm&r=g","contentUrl":"https:\/\/secure.gravatar.com\/avatar\/bc272ffafacc0541c205fc3aaeaf62b2c2fa37e14be82248f72a31fb74d663a8?s=96&d=mm&r=g","caption":"Asebier"},"url":"https:\/\/www.asebier.org\/?author=2"}]}},"_links":{"self":[{"href":"https:\/\/www.asebier.org\/index.php?rest_route=\/wp\/v2\/posts\/1557","targetHints":{"allow":["GET"]}}],"collection":[{"href":"https:\/\/www.asebier.org\/index.php?rest_route=\/wp\/v2\/posts"}],"about":[{"href":"https:\/\/www.asebier.org\/index.php?rest_route=\/wp\/v2\/types\/post"}],"author":[{"embeddable":true,"href":"https:\/\/www.asebier.org\/index.php?rest_route=\/wp\/v2\/users\/2"}],"replies":[{"embeddable":true,"href":"https:\/\/www.asebier.org\/index.php?rest_route=%2Fwp%2Fv2%2Fcomments&post=1557"}],"version-history":[{"count":2,"href":"https:\/\/www.asebier.org\/index.php?rest_route=\/wp\/v2\/posts\/1557\/revisions"}],"predecessor-version":[{"id":1560,"href":"https:\/\/www.asebier.org\/index.php?rest_route=\/wp\/v2\/posts\/1557\/revisions\/1560"}],"wp:attachment":[{"href":"https:\/\/www.asebier.org\/index.php?rest_route=%2Fwp%2Fv2%2Fmedia&parent=1557"}],"wp:term":[{"taxonomy":"category","embeddable":true,"href":"https:\/\/www.asebier.org\/index.php?rest_route=%2Fwp%2Fv2%2Fcategories&post=1557"},{"taxonomy":"post_tag","embeddable":true,"href":"https:\/\/www.asebier.org\/index.php?rest_route=%2Fwp%2Fv2%2Ftags&post=1557"}],"curies":[{"name":"wp","href":"https:\/\/api.w.org\/{rel}","templated":true}]}}