{"id":1552,"date":"2024-01-24T06:04:37","date_gmt":"2024-01-24T06:04:37","guid":{"rendered":"https:\/\/www.asebier.org\/?p=1552"},"modified":"2024-01-24T06:04:39","modified_gmt":"2024-01-24T06:04:39","slug":"el-sindrome-de-mobius-mas-alla-de-una-rara-condicion-facial","status":"publish","type":"post","link":"https:\/\/www.asebier.org\/?p=1552","title":{"rendered":"El S\u00edndrome de M\u00f6bius: M\u00e1s All\u00e1 de una Rara Condici\u00f3n Facial"},"content":{"rendered":"\n<p>Dentro del espectro de las enfermedades raras, el <a href=\"https:\/\/www.elsevier.es\/es-revista-repertorio-medicina-cirugia-263-articulo-sindrome-moebius-manifestaciones-neurologicas-musculoesqueleticas-S0121737217300547#:~:text=El%20s%C3%ADndrome%20de%20Moebius%20es%20una%20patolog%C3%ADa%20cong%C3%A9nita%20caracterizada%20por,musculoesquel%C3%A9ticas%2C%20conductuales%20y%20cognitivas1.\" target=\"_blank\" rel=\"noreferrer noopener\"><mark style=\"background-color:rgba(0, 0, 0, 0)\" class=\"has-inline-color has-neve-link-hover-color-color\">S\u00edndrome de M\u00f6bius<\/mark><\/a> es una condici\u00f3n neuromuscular cong\u00e9nita que se presenta desde el nacimiento y destaca como una condici\u00f3n poco com\u00fan que afecta principalmente a los nervios faciales causando la p\u00e9rdida de capacidad para realizar expresiones faciales y, en muchos casos, tambi\u00e9n la movilidad ocular. A pesar de que es una condici\u00f3n poco conocida, las historias de aquellos que viven con el s\u00edndrome son fascinantes.<\/p>\n\n\n<div class=\"wp-block-image\">\n<figure class=\"alignright size-full is-resized\"><img fetchpriority=\"high\" decoding=\"async\" width=\"612\" height=\"406\" src=\"https:\/\/www.asebier.org\/wp-content\/uploads\/2024\/01\/mascaras.jpg\" alt=\"\" class=\"wp-image-1553\" style=\"width:484px;height:auto\" srcset=\"https:\/\/www.asebier.org\/wp-content\/uploads\/2024\/01\/mascaras.jpg 612w, https:\/\/www.asebier.org\/wp-content\/uploads\/2024\/01\/mascaras-300x199.jpg 300w\" sizes=\"(max-width: 612px) 100vw, 612px\" \/><\/figure>\n<\/div>\n\n\n<p><strong>Desaf\u00edos Diarios y Estigmatizaci\u00f3n<\/strong><\/p>\n\n\n\n<p>Las personas afectadas por el <a href=\"https:\/\/www.elsevier.es\/es-revista-repertorio-medicina-cirugia-263-articulo-sindrome-moebius-manifestaciones-neurologicas-musculoesqueleticas-S0121737217300547#:~:text=El%20s%C3%ADndrome%20de%20Moebius%20es%20una%20patolog%C3%ADa%20cong%C3%A9nita%20caracterizada%20por,musculoesquel%C3%A9ticas%2C%20conductuales%20y%20cognitivas1.\"><mark style=\"background-color:rgba(0, 0, 0, 0)\" class=\"has-inline-color has-neve-link-hover-color-color\">S\u00edndrome de M\u00f6biu<\/mark><\/a><a href=\"https:\/\/www.elsevier.es\/es-revista-repertorio-medicina-cirugia-263-articulo-sindrome-moebius-manifestaciones-neurologicas-musculoesqueleticas-S0121737217300547#:~:text=El%20s%C3%ADndrome%20de%20Moebius%20es%20una%20patolog%C3%ADa%20cong%C3%A9nita%20caracterizada%20por,musculoesquel%C3%A9ticas%2C%20conductuales%20y%20cognitivas1.\" target=\"_blank\" rel=\"noreferrer noopener\"><mark style=\"background-color:rgba(0, 0, 0, 0)\" class=\"has-inline-color has-neve-link-hover-color-color\">s<\/mark><\/a> enfrentan desaf\u00edos significativos en su vida cotidiana. La incapacidad para expresar emociones facialmente a menudo lleva a malentendidos y a la percepci\u00f3n err\u00f3nea de falta de inter\u00e9s o empat\u00eda. La estigmatizaci\u00f3n es una realidad, y muchos individuos con esta condici\u00f3n luchan contra la discriminaci\u00f3n y la incomodidad social.<\/p>\n\n\n\n<p><strong>Avances en el Tratamiento y Apoyo<\/strong><\/p>\n\n\n\n<p>Aunque no existe una cura para el<mark style=\"background-color:rgba(0, 0, 0, 0)\" class=\"has-inline-color has-neve-link-hover-color-color\"> <\/mark><a href=\"https:\/\/www.elsevier.es\/es-revista-repertorio-medicina-cirugia-263-articulo-sindrome-moebius-manifestaciones-neurologicas-musculoesqueleticas-S0121737217300547#:~:text=El%20s%C3%ADndrome%20de%20Moebius%20es%20una%20patolog%C3%ADa%20cong%C3%A9nita%20caracterizada%20por,musculoesquel%C3%A9ticas%2C%20conductuales%20y%20cognitivas1.\"><mark style=\"background-color:rgba(0, 0, 0, 0)\" class=\"has-inline-color has-neve-link-hover-color-color\">S\u00edndr<\/mark><\/a><a href=\"https:\/\/www.elsevier.es\/es-revista-repertorio-medicina-cirugia-263-articulo-sindrome-moebius-manifestaciones-neurologicas-musculoesqueleticas-S0121737217300547#:~:text=El%20s%C3%ADndrome%20de%20Moebius%20es%20una%20patolog%C3%ADa%20cong%C3%A9nita%20caracterizada%20por,musculoesquel%C3%A9ticas%2C%20conductuales%20y%20cognitivas1.\" target=\"_blank\" rel=\"noreferrer noopener\"><mark style=\"background-color:rgba(0, 0, 0, 0)\" class=\"has-inline-color has-neve-link-hover-color-color\">ome de M\u00f6bius<\/mark><\/a><mark style=\"background-color:rgba(0, 0, 0, 0)\" class=\"has-inline-color has-neve-link-hover-color-color\">,<\/mark> hay avances en el tratamiento y la terapia que pueden mejorar la calidad de vida de quienes lo padecen. <strong>La terapia ocupacional y la fisioterapia<\/strong> son herramientas clave para desarrollar habilidades motoras y mejorar la independencia funcional.<\/p>\n\n\n\n<p>Adem\u00e1s, el apoyo psicol\u00f3gico y emocional es crucial. Las organizaciones y comunidades en l\u00ednea dedicadas al s\u00edndrome desempe\u00f1an un papel vital al proporcionar un espacio seguro donde las personas pueden compartir sus experiencias, obtener informaci\u00f3n y encontrar apoyo mutuo.<\/p>\n\n\n\n<p><strong>Concientizaci\u00f3n y Educaci\u00f3n<\/strong><\/p>\n\n\n\n<p>Uno de los mayores desaf\u00edos que enfrenta la comunidad de M\u00f6bius es la falta de conciencia general sobre la condici\u00f3n. La educaci\u00f3n p\u00fablica es esencial para superar estigmas y prejuicios. Es fundamental destacar que, m\u00e1s all\u00e1 de las diferencias f\u00edsicas, las personas con el S\u00edndrome de M\u00f6bius comparten las mismas aspiraciones, sue\u00f1os y capacidades que cualquier otra persona.<\/p>\n\n\n\n<p><\/p>\n\n\n\n<p>El S\u00edndrome de M\u00f6bius puede ser una condici\u00f3n desafiante, pero tambi\u00e9n es un recordatorio de la diversidad y la resiliencia humanas. A medida que la investigaci\u00f3n avanza y la conciencia crece, la esperanza es que aquellos afectados por el s\u00edndrome puedan disfrutar de una mayor comprensi\u00f3n y aceptaci\u00f3n en la sociedad.<\/p>\n\n\n\n<p><strong>La empat\u00eda y el entendimiento <\/strong>son claves para construir un mundo m\u00e1s inclusivo, donde cada individuo, independientemente de su condici\u00f3n, pueda vivir una vida plena y significativa.<\/p>\n","protected":false},"excerpt":{"rendered":"<p>Dentro del espectro de las enfermedades raras, el S\u00edndrome de M\u00f6bius es una condici\u00f3n neuromuscular cong\u00e9nita que se presenta desde el nacimiento y destaca como una condici\u00f3n poco com\u00fan que&hellip;&nbsp;<a href=\"https:\/\/www.asebier.org\/?p=1552\" class=\"\" rel=\"bookmark\">Leer m\u00e1s &raquo;<span class=\"screen-reader-text\">El S\u00edndrome de M\u00f6bius: M\u00e1s All\u00e1 de una Rara Condici\u00f3n Facial<\/span><\/a><\/p>\n","protected":false},"author":2,"featured_media":0,"comment_status":"open","ping_status":"closed","sticky":false,"template":"","format":"standard","meta":{"neve_meta_sidebar":"","neve_meta_container":"","neve_meta_enable_content_width":"","neve_meta_content_width":0,"neve_meta_title_alignment":"","neve_meta_author_avatar":"","neve_post_elements_order":"","neve_meta_disable_header":"","neve_meta_disable_footer":"","neve_meta_disable_title":"","footnotes":""},"categories":[1],"tags":[],"class_list":["post-1552","post","type-post","status-publish","format-standard","hentry","category-uncategorized"],"yoast_head":"<!-- This site is optimized with the Yoast SEO plugin v27.5 - https:\/\/yoast.com\/product\/yoast-seo-wordpress\/ -->\n<title>El S\u00edndrome de M\u00f6bius: M\u00e1s All\u00e1 de una Rara Condici\u00f3n Facial - ASEBIER<\/title>\n<meta name=\"robots\" content=\"index, follow, max-snippet:-1, max-image-preview:large, max-video-preview:-1\" \/>\n<link rel=\"canonical\" href=\"https:\/\/www.asebier.org\/?p=1552\" \/>\n<meta property=\"og:locale\" content=\"es_ES\" \/>\n<meta property=\"og:type\" content=\"article\" \/>\n<meta property=\"og:title\" content=\"El S\u00edndrome de M\u00f6bius: M\u00e1s All\u00e1 de una Rara Condici\u00f3n Facial - ASEBIER\" \/>\n<meta property=\"og:description\" content=\"Dentro del espectro de las enfermedades raras, el S\u00edndrome de M\u00f6bius es una condici\u00f3n neuromuscular cong\u00e9nita que se presenta desde el nacimiento y destaca como una condici\u00f3n poco com\u00fan que&hellip;&nbsp;Leer m\u00e1s &raquo;El S\u00edndrome de M\u00f6bius: M\u00e1s All\u00e1 de una Rara Condici\u00f3n Facial\" \/>\n<meta property=\"og:url\" content=\"https:\/\/www.asebier.org\/?p=1552\" \/>\n<meta property=\"og:site_name\" content=\"ASEBIER\" \/>\n<meta property=\"article:published_time\" content=\"2024-01-24T06:04:37+00:00\" \/>\n<meta property=\"article:modified_time\" content=\"2024-01-24T06:04:39+00:00\" \/>\n<meta property=\"og:image\" content=\"https:\/\/www.asebier.org\/wp-content\/uploads\/2024\/01\/mascaras.jpg\" \/>\n<meta name=\"author\" content=\"Asebier\" \/>\n<meta name=\"twitter:card\" content=\"summary_large_image\" \/>\n<meta name=\"twitter:label1\" content=\"Escrito por\" \/>\n\t<meta name=\"twitter:data1\" content=\"Asebier\" \/>\n\t<meta name=\"twitter:label2\" content=\"Tiempo de lectura\" \/>\n\t<meta name=\"twitter:data2\" content=\"2 minutos\" \/>\n<script type=\"application\/ld+json\" class=\"yoast-schema-graph\">{\"@context\":\"https:\\\/\\\/schema.org\",\"@graph\":[{\"@type\":\"Article\",\"@id\":\"https:\\\/\\\/www.asebier.org\\\/?p=1552#article\",\"isPartOf\":{\"@id\":\"https:\\\/\\\/www.asebier.org\\\/?p=1552\"},\"author\":{\"name\":\"Asebier\",\"@id\":\"https:\\\/\\\/www.asebier.org\\\/#\\\/schema\\\/person\\\/11058a0903ea58288614bf2335d20d21\"},\"headline\":\"El S\u00edndrome de M\u00f6bius: M\u00e1s All\u00e1 de una Rara Condici\u00f3n Facial\",\"datePublished\":\"2024-01-24T06:04:37+00:00\",\"dateModified\":\"2024-01-24T06:04:39+00:00\",\"mainEntityOfPage\":{\"@id\":\"https:\\\/\\\/www.asebier.org\\\/?p=1552\"},\"wordCount\":434,\"commentCount\":0,\"publisher\":{\"@id\":\"https:\\\/\\\/www.asebier.org\\\/#organization\"},\"image\":{\"@id\":\"https:\\\/\\\/www.asebier.org\\\/?p=1552#primaryimage\"},\"thumbnailUrl\":\"https:\\\/\\\/www.asebier.org\\\/wp-content\\\/uploads\\\/2024\\\/01\\\/mascaras.jpg\",\"articleSection\":[\"Uncategorized\"],\"inLanguage\":\"es\",\"potentialAction\":[{\"@type\":\"CommentAction\",\"name\":\"Comment\",\"target\":[\"https:\\\/\\\/www.asebier.org\\\/?p=1552#respond\"]}]},{\"@type\":\"WebPage\",\"@id\":\"https:\\\/\\\/www.asebier.org\\\/?p=1552\",\"url\":\"https:\\\/\\\/www.asebier.org\\\/?p=1552\",\"name\":\"El S\u00edndrome de M\u00f6bius: M\u00e1s All\u00e1 de una Rara Condici\u00f3n Facial - ASEBIER\",\"isPartOf\":{\"@id\":\"https:\\\/\\\/www.asebier.org\\\/#website\"},\"primaryImageOfPage\":{\"@id\":\"https:\\\/\\\/www.asebier.org\\\/?p=1552#primaryimage\"},\"image\":{\"@id\":\"https:\\\/\\\/www.asebier.org\\\/?p=1552#primaryimage\"},\"thumbnailUrl\":\"https:\\\/\\\/www.asebier.org\\\/wp-content\\\/uploads\\\/2024\\\/01\\\/mascaras.jpg\",\"datePublished\":\"2024-01-24T06:04:37+00:00\",\"dateModified\":\"2024-01-24T06:04:39+00:00\",\"breadcrumb\":{\"@id\":\"https:\\\/\\\/www.asebier.org\\\/?p=1552#breadcrumb\"},\"inLanguage\":\"es\",\"potentialAction\":[{\"@type\":\"ReadAction\",\"target\":[\"https:\\\/\\\/www.asebier.org\\\/?p=1552\"]}]},{\"@type\":\"ImageObject\",\"inLanguage\":\"es\",\"@id\":\"https:\\\/\\\/www.asebier.org\\\/?p=1552#primaryimage\",\"url\":\"https:\\\/\\\/www.asebier.org\\\/wp-content\\\/uploads\\\/2024\\\/01\\\/mascaras.jpg\",\"contentUrl\":\"https:\\\/\\\/www.asebier.org\\\/wp-content\\\/uploads\\\/2024\\\/01\\\/mascaras.jpg\",\"width\":612,\"height\":406,\"caption\":\"Masks with theatre concept\"},{\"@type\":\"BreadcrumbList\",\"@id\":\"https:\\\/\\\/www.asebier.org\\\/?p=1552#breadcrumb\",\"itemListElement\":[{\"@type\":\"ListItem\",\"position\":1,\"name\":\"Portada\",\"item\":\"https:\\\/\\\/www.asebier.org\\\/\"},{\"@type\":\"ListItem\",\"position\":2,\"name\":\"El S\u00edndrome de M\u00f6bius: M\u00e1s All\u00e1 de una Rara Condici\u00f3n Facial\"}]},{\"@type\":\"WebSite\",\"@id\":\"https:\\\/\\\/www.asebier.org\\\/#website\",\"url\":\"https:\\\/\\\/www.asebier.org\\\/\",\"name\":\"ASEBIER\",\"description\":\"Asociaci\u00f3n Euskadi Elkartea Enfermedades Raras EBH\",\"publisher\":{\"@id\":\"https:\\\/\\\/www.asebier.org\\\/#organization\"},\"potentialAction\":[{\"@type\":\"SearchAction\",\"target\":{\"@type\":\"EntryPoint\",\"urlTemplate\":\"https:\\\/\\\/www.asebier.org\\\/?s={search_term_string}\"},\"query-input\":{\"@type\":\"PropertyValueSpecification\",\"valueRequired\":true,\"valueName\":\"search_term_string\"}}],\"inLanguage\":\"es\"},{\"@type\":\"Organization\",\"@id\":\"https:\\\/\\\/www.asebier.org\\\/#organization\",\"name\":\"ASEBIER\",\"url\":\"https:\\\/\\\/www.asebier.org\\\/\",\"logo\":{\"@type\":\"ImageObject\",\"inLanguage\":\"es\",\"@id\":\"https:\\\/\\\/www.asebier.org\\\/#\\\/schema\\\/logo\\\/image\\\/\",\"url\":\"https:\\\/\\\/www.asebier.org\\\/wp-content\\\/uploads\\\/2023\\\/11\\\/logo_asebier.png\",\"contentUrl\":\"https:\\\/\\\/www.asebier.org\\\/wp-content\\\/uploads\\\/2023\\\/11\\\/logo_asebier.png\",\"width\":595,\"height\":420,\"caption\":\"ASEBIER\"},\"image\":{\"@id\":\"https:\\\/\\\/www.asebier.org\\\/#\\\/schema\\\/logo\\\/image\\\/\"}},{\"@type\":\"Person\",\"@id\":\"https:\\\/\\\/www.asebier.org\\\/#\\\/schema\\\/person\\\/11058a0903ea58288614bf2335d20d21\",\"name\":\"Asebier\",\"image\":{\"@type\":\"ImageObject\",\"inLanguage\":\"es\",\"@id\":\"https:\\\/\\\/secure.gravatar.com\\\/avatar\\\/bc272ffafacc0541c205fc3aaeaf62b2c2fa37e14be82248f72a31fb74d663a8?s=96&d=mm&r=g\",\"url\":\"https:\\\/\\\/secure.gravatar.com\\\/avatar\\\/bc272ffafacc0541c205fc3aaeaf62b2c2fa37e14be82248f72a31fb74d663a8?s=96&d=mm&r=g\",\"contentUrl\":\"https:\\\/\\\/secure.gravatar.com\\\/avatar\\\/bc272ffafacc0541c205fc3aaeaf62b2c2fa37e14be82248f72a31fb74d663a8?s=96&d=mm&r=g\",\"caption\":\"Asebier\"},\"url\":\"https:\\\/\\\/www.asebier.org\\\/?author=2\"}]}<\/script>\n<!-- \/ Yoast SEO plugin. -->","yoast_head_json":{"title":"El S\u00edndrome de M\u00f6bius: M\u00e1s All\u00e1 de una Rara Condici\u00f3n Facial - ASEBIER","robots":{"index":"index","follow":"follow","max-snippet":"max-snippet:-1","max-image-preview":"max-image-preview:large","max-video-preview":"max-video-preview:-1"},"canonical":"https:\/\/www.asebier.org\/?p=1552","og_locale":"es_ES","og_type":"article","og_title":"El S\u00edndrome de M\u00f6bius: M\u00e1s All\u00e1 de una Rara Condici\u00f3n Facial - ASEBIER","og_description":"Dentro del espectro de las enfermedades raras, el S\u00edndrome de M\u00f6bius es una condici\u00f3n neuromuscular cong\u00e9nita que se presenta desde el nacimiento y destaca como una condici\u00f3n poco com\u00fan que&hellip;&nbsp;Leer m\u00e1s &raquo;El S\u00edndrome de M\u00f6bius: M\u00e1s All\u00e1 de una Rara Condici\u00f3n Facial","og_url":"https:\/\/www.asebier.org\/?p=1552","og_site_name":"ASEBIER","article_published_time":"2024-01-24T06:04:37+00:00","article_modified_time":"2024-01-24T06:04:39+00:00","og_image":[{"url":"https:\/\/www.asebier.org\/wp-content\/uploads\/2024\/01\/mascaras.jpg","type":"","width":"","height":""}],"author":"Asebier","twitter_card":"summary_large_image","twitter_misc":{"Escrito por":"Asebier","Tiempo de lectura":"2 minutos"},"schema":{"@context":"https:\/\/schema.org","@graph":[{"@type":"Article","@id":"https:\/\/www.asebier.org\/?p=1552#article","isPartOf":{"@id":"https:\/\/www.asebier.org\/?p=1552"},"author":{"name":"Asebier","@id":"https:\/\/www.asebier.org\/#\/schema\/person\/11058a0903ea58288614bf2335d20d21"},"headline":"El S\u00edndrome de M\u00f6bius: M\u00e1s All\u00e1 de una Rara Condici\u00f3n Facial","datePublished":"2024-01-24T06:04:37+00:00","dateModified":"2024-01-24T06:04:39+00:00","mainEntityOfPage":{"@id":"https:\/\/www.asebier.org\/?p=1552"},"wordCount":434,"commentCount":0,"publisher":{"@id":"https:\/\/www.asebier.org\/#organization"},"image":{"@id":"https:\/\/www.asebier.org\/?p=1552#primaryimage"},"thumbnailUrl":"https:\/\/www.asebier.org\/wp-content\/uploads\/2024\/01\/mascaras.jpg","articleSection":["Uncategorized"],"inLanguage":"es","potentialAction":[{"@type":"CommentAction","name":"Comment","target":["https:\/\/www.asebier.org\/?p=1552#respond"]}]},{"@type":"WebPage","@id":"https:\/\/www.asebier.org\/?p=1552","url":"https:\/\/www.asebier.org\/?p=1552","name":"El S\u00edndrome de M\u00f6bius: M\u00e1s All\u00e1 de una Rara Condici\u00f3n Facial - ASEBIER","isPartOf":{"@id":"https:\/\/www.asebier.org\/#website"},"primaryImageOfPage":{"@id":"https:\/\/www.asebier.org\/?p=1552#primaryimage"},"image":{"@id":"https:\/\/www.asebier.org\/?p=1552#primaryimage"},"thumbnailUrl":"https:\/\/www.asebier.org\/wp-content\/uploads\/2024\/01\/mascaras.jpg","datePublished":"2024-01-24T06:04:37+00:00","dateModified":"2024-01-24T06:04:39+00:00","breadcrumb":{"@id":"https:\/\/www.asebier.org\/?p=1552#breadcrumb"},"inLanguage":"es","potentialAction":[{"@type":"ReadAction","target":["https:\/\/www.asebier.org\/?p=1552"]}]},{"@type":"ImageObject","inLanguage":"es","@id":"https:\/\/www.asebier.org\/?p=1552#primaryimage","url":"https:\/\/www.asebier.org\/wp-content\/uploads\/2024\/01\/mascaras.jpg","contentUrl":"https:\/\/www.asebier.org\/wp-content\/uploads\/2024\/01\/mascaras.jpg","width":612,"height":406,"caption":"Masks with theatre concept"},{"@type":"BreadcrumbList","@id":"https:\/\/www.asebier.org\/?p=1552#breadcrumb","itemListElement":[{"@type":"ListItem","position":1,"name":"Portada","item":"https:\/\/www.asebier.org\/"},{"@type":"ListItem","position":2,"name":"El S\u00edndrome de M\u00f6bius: M\u00e1s All\u00e1 de una Rara Condici\u00f3n Facial"}]},{"@type":"WebSite","@id":"https:\/\/www.asebier.org\/#website","url":"https:\/\/www.asebier.org\/","name":"ASEBIER","description":"Asociaci\u00f3n Euskadi Elkartea Enfermedades Raras EBH","publisher":{"@id":"https:\/\/www.asebier.org\/#organization"},"potentialAction":[{"@type":"SearchAction","target":{"@type":"EntryPoint","urlTemplate":"https:\/\/www.asebier.org\/?s={search_term_string}"},"query-input":{"@type":"PropertyValueSpecification","valueRequired":true,"valueName":"search_term_string"}}],"inLanguage":"es"},{"@type":"Organization","@id":"https:\/\/www.asebier.org\/#organization","name":"ASEBIER","url":"https:\/\/www.asebier.org\/","logo":{"@type":"ImageObject","inLanguage":"es","@id":"https:\/\/www.asebier.org\/#\/schema\/logo\/image\/","url":"https:\/\/www.asebier.org\/wp-content\/uploads\/2023\/11\/logo_asebier.png","contentUrl":"https:\/\/www.asebier.org\/wp-content\/uploads\/2023\/11\/logo_asebier.png","width":595,"height":420,"caption":"ASEBIER"},"image":{"@id":"https:\/\/www.asebier.org\/#\/schema\/logo\/image\/"}},{"@type":"Person","@id":"https:\/\/www.asebier.org\/#\/schema\/person\/11058a0903ea58288614bf2335d20d21","name":"Asebier","image":{"@type":"ImageObject","inLanguage":"es","@id":"https:\/\/secure.gravatar.com\/avatar\/bc272ffafacc0541c205fc3aaeaf62b2c2fa37e14be82248f72a31fb74d663a8?s=96&d=mm&r=g","url":"https:\/\/secure.gravatar.com\/avatar\/bc272ffafacc0541c205fc3aaeaf62b2c2fa37e14be82248f72a31fb74d663a8?s=96&d=mm&r=g","contentUrl":"https:\/\/secure.gravatar.com\/avatar\/bc272ffafacc0541c205fc3aaeaf62b2c2fa37e14be82248f72a31fb74d663a8?s=96&d=mm&r=g","caption":"Asebier"},"url":"https:\/\/www.asebier.org\/?author=2"}]}},"_links":{"self":[{"href":"https:\/\/www.asebier.org\/index.php?rest_route=\/wp\/v2\/posts\/1552","targetHints":{"allow":["GET"]}}],"collection":[{"href":"https:\/\/www.asebier.org\/index.php?rest_route=\/wp\/v2\/posts"}],"about":[{"href":"https:\/\/www.asebier.org\/index.php?rest_route=\/wp\/v2\/types\/post"}],"author":[{"embeddable":true,"href":"https:\/\/www.asebier.org\/index.php?rest_route=\/wp\/v2\/users\/2"}],"replies":[{"embeddable":true,"href":"https:\/\/www.asebier.org\/index.php?rest_route=%2Fwp%2Fv2%2Fcomments&post=1552"}],"version-history":[{"count":2,"href":"https:\/\/www.asebier.org\/index.php?rest_route=\/wp\/v2\/posts\/1552\/revisions"}],"predecessor-version":[{"id":1555,"href":"https:\/\/www.asebier.org\/index.php?rest_route=\/wp\/v2\/posts\/1552\/revisions\/1555"}],"wp:attachment":[{"href":"https:\/\/www.asebier.org\/index.php?rest_route=%2Fwp%2Fv2%2Fmedia&parent=1552"}],"wp:term":[{"taxonomy":"category","embeddable":true,"href":"https:\/\/www.asebier.org\/index.php?rest_route=%2Fwp%2Fv2%2Fcategories&post=1552"},{"taxonomy":"post_tag","embeddable":true,"href":"https:\/\/www.asebier.org\/index.php?rest_route=%2Fwp%2Fv2%2Ftags&post=1552"}],"curies":[{"name":"wp","href":"https:\/\/api.w.org\/{rel}","templated":true}]}}