{"id":1544,"date":"2024-01-18T06:10:44","date_gmt":"2024-01-18T06:10:44","guid":{"rendered":"https:\/\/www.asebier.org\/?p=1544"},"modified":"2024-01-18T06:10:45","modified_gmt":"2024-01-18T06:10:45","slug":"desafios-y-consecuencias-de-un-retraso-en-el-diagnostico-de-enfermedades-raras","status":"publish","type":"post","link":"https:\/\/www.asebier.org\/?p=1544","title":{"rendered":"Desaf\u00edos y consecuencias de un retraso en el diagn\u00f3stico de Enfermedades Raras"},"content":{"rendered":"\n<p>Las enfermedades raras presentan un conjunto \u00fanico de desaf\u00edos, siendo uno de los m\u00e1s significativos el diagn\u00f3stico tard\u00edo. Este retraso en la identificaci\u00f3n de estas condiciones poco comunes puede tener consecuencias profundas tanto para los pacientes como para el sistema de atenci\u00f3n m\u00e9dica. En este art\u00edculo, exploraremos las razones detr\u00e1s del retraso en el diagn\u00f3stico en enfermedades raras y las implicaciones que esto tiene en la vida de los afectados.<\/p>\n\n\n<div class=\"wp-block-image\">\n<figure class=\"aligncenter size-large is-resized\"><img fetchpriority=\"high\" decoding=\"async\" width=\"1024\" height=\"683\" src=\"https:\/\/www.asebier.org\/wp-content\/uploads\/2024\/01\/pexels-karolina-grabowska-4386466-1024x683.jpg\" alt=\"\" class=\"wp-image-1547\" style=\"width:507px;height:auto\" srcset=\"https:\/\/www.asebier.org\/wp-content\/uploads\/2024\/01\/pexels-karolina-grabowska-4386466-1024x683.jpg 1024w, https:\/\/www.asebier.org\/wp-content\/uploads\/2024\/01\/pexels-karolina-grabowska-4386466-300x200.jpg 300w, https:\/\/www.asebier.org\/wp-content\/uploads\/2024\/01\/pexels-karolina-grabowska-4386466-768x512.jpg 768w, https:\/\/www.asebier.org\/wp-content\/uploads\/2024\/01\/pexels-karolina-grabowska-4386466-1536x1024.jpg 1536w, https:\/\/www.asebier.org\/wp-content\/uploads\/2024\/01\/pexels-karolina-grabowska-4386466-2048x1365.jpg 2048w, https:\/\/www.asebier.org\/wp-content\/uploads\/2024\/01\/pexels-karolina-grabowska-4386466-930x620.jpg 930w\" sizes=\"(max-width: 1024px) 100vw, 1024px\" \/><\/figure>\n<\/div>\n\n\n<p><strong>\u00bfQu\u00e9 factores son los que  contribuyen a este retraso?<\/strong><\/p>\n\n\n\n<ol class=\"wp-block-list\">\n<li><strong>Falta de Conocimiento M\u00e9dico:<\/strong> La rareza de estas enfermedades a menudo lleva a una falta de conocimiento entre los profesionales de la salud, lo que dificulta la identificaci\u00f3n temprana de s\u00edntomas.<\/li>\n\n\n\n<li><strong>S\u00edntomas At\u00edpicos:<\/strong> Muchas enfermedades raras presentan s\u00edntomas inusuales o at\u00edpicos, lo que complica a\u00fan m\u00e1s el proceso de diagn\u00f3stico.<\/li>\n\n\n\n<li><strong>Recursos Limitados:<\/strong> La investigaci\u00f3n limitada y los recursos escasos dedicados a enfermedades raras tambi\u00e9n contribuyen al diagn\u00f3stico con retraso, ya que hay menos informaci\u00f3n disponible para los m\u00e9dicos.<\/li>\n<\/ol>\n\n\n\n<p><strong>\u00bf Qu\u00e9 consecuencias tiene?<\/strong><\/p>\n\n\n\n<ol class=\"wp-block-list\">\n<li><strong>Tratamiento Ineficiente:<\/strong> El retraso en el diagn\u00f3stico a menudo significa un inicio tard\u00edo del tratamiento adecuado, lo que puede afectar la eficacia de las intervenciones m\u00e9dicas.<\/li>\n\n\n\n<li><strong>Angustia Psicol\u00f3gica:<\/strong> Los pacientes y sus familias enfrentan una angustia psicol\u00f3gica significativa al vivir con la incertidumbre de no saber qu\u00e9 causa sus s\u00edntomas durante un per\u00edodo prolongado.<\/li>\n\n\n\n<li><strong>Impacto en la Calidad de Vida:<\/strong> La falta de tratamiento oportuno puede tener un impacto negativo en la calidad de vida de los pacientes, especialmente si la enfermedad progresa sin control.<\/li>\n<\/ol>\n\n\n\n<p><strong>\u00bf Qu\u00e9 soluciones se podr\u00edan proponer?<\/strong><\/p>\n\n\n\n<ol class=\"wp-block-list\">\n<li><strong>Educaci\u00f3n Continua:<\/strong> Mejorar la educaci\u00f3n m\u00e9dica sobre enfermedades raras para que los profesionales de la salud est\u00e9n m\u00e1s equipados para reconocer y diagnosticar estas condiciones.<\/li>\n\n\n\n<li><strong>Colaboraci\u00f3n Internacional:<\/strong> Fomentar la colaboraci\u00f3n entre investigadores, m\u00e9dicos y organizaciones de pacientes a nivel internacional para compartir conocimientos y recursos.<\/li>\n\n\n\n<li><strong>Acceso a Pruebas Gen\u00e9ticas:<\/strong> Facilitar el acceso a pruebas gen\u00e9ticas avanzadas que puedan acelerar el proceso de diagn\u00f3stico en casos de enfermedades raras con bases gen\u00e9ticas.<\/li>\n<\/ol>\n\n\n\n<p>El diagn\u00f3stico con retraso en enfermedades raras sigue siendo un desaf\u00edo persistente, pero con esfuerzos continuos en educaci\u00f3n, investigaci\u00f3n y colaboraci\u00f3n, se puede mejorar la identificaci\u00f3n temprana de estas condiciones, brindando a los pacientes la oportunidad de recibir el tratamiento adecuado y mejorar su calidad de vida.<\/p>\n","protected":false},"excerpt":{"rendered":"<p>Las enfermedades raras presentan un conjunto \u00fanico de desaf\u00edos, siendo uno de los m\u00e1s significativos el diagn\u00f3stico tard\u00edo. Este retraso en la identificaci\u00f3n de estas condiciones poco comunes puede tener&hellip;&nbsp;<a href=\"https:\/\/www.asebier.org\/?p=1544\" class=\"\" rel=\"bookmark\">Leer m\u00e1s &raquo;<span class=\"screen-reader-text\">Desaf\u00edos y consecuencias de un retraso en el diagn\u00f3stico de Enfermedades Raras<\/span><\/a><\/p>\n","protected":false},"author":2,"featured_media":0,"comment_status":"open","ping_status":"closed","sticky":false,"template":"","format":"standard","meta":{"neve_meta_sidebar":"","neve_meta_container":"","neve_meta_enable_content_width":"","neve_meta_content_width":0,"neve_meta_title_alignment":"","neve_meta_author_avatar":"","neve_post_elements_order":"","neve_meta_disable_header":"","neve_meta_disable_footer":"","neve_meta_disable_title":"","footnotes":""},"categories":[1],"tags":[],"class_list":["post-1544","post","type-post","status-publish","format-standard","hentry","category-uncategorized"],"yoast_head":"<!-- This site is optimized with the Yoast SEO plugin v27.5 - https:\/\/yoast.com\/product\/yoast-seo-wordpress\/ -->\n<title>Desaf\u00edos y consecuencias de un retraso en el diagn\u00f3stico de Enfermedades Raras - ASEBIER<\/title>\n<meta name=\"robots\" content=\"index, follow, max-snippet:-1, max-image-preview:large, max-video-preview:-1\" \/>\n<link rel=\"canonical\" href=\"https:\/\/www.asebier.org\/?p=1544\" \/>\n<meta property=\"og:locale\" content=\"es_ES\" \/>\n<meta property=\"og:type\" content=\"article\" \/>\n<meta property=\"og:title\" content=\"Desaf\u00edos y consecuencias de un retraso en el diagn\u00f3stico de Enfermedades Raras - ASEBIER\" \/>\n<meta property=\"og:description\" content=\"Las enfermedades raras presentan un conjunto \u00fanico de desaf\u00edos, siendo uno de los m\u00e1s significativos el diagn\u00f3stico tard\u00edo. Este retraso en la identificaci\u00f3n de estas condiciones poco comunes puede tener&hellip;&nbsp;Leer m\u00e1s &raquo;Desaf\u00edos y consecuencias de un retraso en el diagn\u00f3stico de Enfermedades Raras\" \/>\n<meta property=\"og:url\" content=\"https:\/\/www.asebier.org\/?p=1544\" \/>\n<meta property=\"og:site_name\" content=\"ASEBIER\" \/>\n<meta property=\"article:published_time\" content=\"2024-01-18T06:10:44+00:00\" \/>\n<meta property=\"article:modified_time\" content=\"2024-01-18T06:10:45+00:00\" \/>\n<meta property=\"og:image\" content=\"https:\/\/www.asebier.org\/wp-content\/uploads\/2024\/01\/pexels-karolina-grabowska-4386466-1024x683.jpg\" \/>\n<meta name=\"author\" content=\"Asebier\" \/>\n<meta name=\"twitter:card\" content=\"summary_large_image\" \/>\n<meta name=\"twitter:label1\" content=\"Escrito por\" \/>\n\t<meta name=\"twitter:data1\" content=\"Asebier\" \/>\n\t<meta name=\"twitter:label2\" content=\"Tiempo de lectura\" \/>\n\t<meta name=\"twitter:data2\" content=\"2 minutos\" \/>\n<script type=\"application\/ld+json\" class=\"yoast-schema-graph\">{\"@context\":\"https:\\\/\\\/schema.org\",\"@graph\":[{\"@type\":\"Article\",\"@id\":\"https:\\\/\\\/www.asebier.org\\\/?p=1544#article\",\"isPartOf\":{\"@id\":\"https:\\\/\\\/www.asebier.org\\\/?p=1544\"},\"author\":{\"name\":\"Asebier\",\"@id\":\"https:\\\/\\\/www.asebier.org\\\/#\\\/schema\\\/person\\\/11058a0903ea58288614bf2335d20d21\"},\"headline\":\"Desaf\u00edos y consecuencias de un retraso en el diagn\u00f3stico de Enfermedades Raras\",\"datePublished\":\"2024-01-18T06:10:44+00:00\",\"dateModified\":\"2024-01-18T06:10:45+00:00\",\"mainEntityOfPage\":{\"@id\":\"https:\\\/\\\/www.asebier.org\\\/?p=1544\"},\"wordCount\":433,\"commentCount\":0,\"publisher\":{\"@id\":\"https:\\\/\\\/www.asebier.org\\\/#organization\"},\"image\":{\"@id\":\"https:\\\/\\\/www.asebier.org\\\/?p=1544#primaryimage\"},\"thumbnailUrl\":\"https:\\\/\\\/www.asebier.org\\\/wp-content\\\/uploads\\\/2024\\\/01\\\/pexels-karolina-grabowska-4386466-1024x683.jpg\",\"articleSection\":[\"Uncategorized\"],\"inLanguage\":\"es\",\"potentialAction\":[{\"@type\":\"CommentAction\",\"name\":\"Comment\",\"target\":[\"https:\\\/\\\/www.asebier.org\\\/?p=1544#respond\"]}]},{\"@type\":\"WebPage\",\"@id\":\"https:\\\/\\\/www.asebier.org\\\/?p=1544\",\"url\":\"https:\\\/\\\/www.asebier.org\\\/?p=1544\",\"name\":\"Desaf\u00edos y consecuencias de un retraso en el diagn\u00f3stico de Enfermedades Raras - ASEBIER\",\"isPartOf\":{\"@id\":\"https:\\\/\\\/www.asebier.org\\\/#website\"},\"primaryImageOfPage\":{\"@id\":\"https:\\\/\\\/www.asebier.org\\\/?p=1544#primaryimage\"},\"image\":{\"@id\":\"https:\\\/\\\/www.asebier.org\\\/?p=1544#primaryimage\"},\"thumbnailUrl\":\"https:\\\/\\\/www.asebier.org\\\/wp-content\\\/uploads\\\/2024\\\/01\\\/pexels-karolina-grabowska-4386466-1024x683.jpg\",\"datePublished\":\"2024-01-18T06:10:44+00:00\",\"dateModified\":\"2024-01-18T06:10:45+00:00\",\"breadcrumb\":{\"@id\":\"https:\\\/\\\/www.asebier.org\\\/?p=1544#breadcrumb\"},\"inLanguage\":\"es\",\"potentialAction\":[{\"@type\":\"ReadAction\",\"target\":[\"https:\\\/\\\/www.asebier.org\\\/?p=1544\"]}]},{\"@type\":\"ImageObject\",\"inLanguage\":\"es\",\"@id\":\"https:\\\/\\\/www.asebier.org\\\/?p=1544#primaryimage\",\"url\":\"https:\\\/\\\/www.asebier.org\\\/wp-content\\\/uploads\\\/2024\\\/01\\\/pexels-karolina-grabowska-4386466-scaled.jpg\",\"contentUrl\":\"https:\\\/\\\/www.asebier.org\\\/wp-content\\\/uploads\\\/2024\\\/01\\\/pexels-karolina-grabowska-4386466-scaled.jpg\",\"width\":2560,\"height\":1707},{\"@type\":\"BreadcrumbList\",\"@id\":\"https:\\\/\\\/www.asebier.org\\\/?p=1544#breadcrumb\",\"itemListElement\":[{\"@type\":\"ListItem\",\"position\":1,\"name\":\"Portada\",\"item\":\"https:\\\/\\\/www.asebier.org\\\/\"},{\"@type\":\"ListItem\",\"position\":2,\"name\":\"Desaf\u00edos y consecuencias de un retraso en el diagn\u00f3stico de Enfermedades Raras\"}]},{\"@type\":\"WebSite\",\"@id\":\"https:\\\/\\\/www.asebier.org\\\/#website\",\"url\":\"https:\\\/\\\/www.asebier.org\\\/\",\"name\":\"ASEBIER\",\"description\":\"Asociaci\u00f3n Euskadi Elkartea Enfermedades Raras EBH\",\"publisher\":{\"@id\":\"https:\\\/\\\/www.asebier.org\\\/#organization\"},\"potentialAction\":[{\"@type\":\"SearchAction\",\"target\":{\"@type\":\"EntryPoint\",\"urlTemplate\":\"https:\\\/\\\/www.asebier.org\\\/?s={search_term_string}\"},\"query-input\":{\"@type\":\"PropertyValueSpecification\",\"valueRequired\":true,\"valueName\":\"search_term_string\"}}],\"inLanguage\":\"es\"},{\"@type\":\"Organization\",\"@id\":\"https:\\\/\\\/www.asebier.org\\\/#organization\",\"name\":\"ASEBIER\",\"url\":\"https:\\\/\\\/www.asebier.org\\\/\",\"logo\":{\"@type\":\"ImageObject\",\"inLanguage\":\"es\",\"@id\":\"https:\\\/\\\/www.asebier.org\\\/#\\\/schema\\\/logo\\\/image\\\/\",\"url\":\"https:\\\/\\\/www.asebier.org\\\/wp-content\\\/uploads\\\/2023\\\/11\\\/logo_asebier.png\",\"contentUrl\":\"https:\\\/\\\/www.asebier.org\\\/wp-content\\\/uploads\\\/2023\\\/11\\\/logo_asebier.png\",\"width\":595,\"height\":420,\"caption\":\"ASEBIER\"},\"image\":{\"@id\":\"https:\\\/\\\/www.asebier.org\\\/#\\\/schema\\\/logo\\\/image\\\/\"}},{\"@type\":\"Person\",\"@id\":\"https:\\\/\\\/www.asebier.org\\\/#\\\/schema\\\/person\\\/11058a0903ea58288614bf2335d20d21\",\"name\":\"Asebier\",\"image\":{\"@type\":\"ImageObject\",\"inLanguage\":\"es\",\"@id\":\"https:\\\/\\\/secure.gravatar.com\\\/avatar\\\/bc272ffafacc0541c205fc3aaeaf62b2c2fa37e14be82248f72a31fb74d663a8?s=96&d=mm&r=g\",\"url\":\"https:\\\/\\\/secure.gravatar.com\\\/avatar\\\/bc272ffafacc0541c205fc3aaeaf62b2c2fa37e14be82248f72a31fb74d663a8?s=96&d=mm&r=g\",\"contentUrl\":\"https:\\\/\\\/secure.gravatar.com\\\/avatar\\\/bc272ffafacc0541c205fc3aaeaf62b2c2fa37e14be82248f72a31fb74d663a8?s=96&d=mm&r=g\",\"caption\":\"Asebier\"},\"url\":\"https:\\\/\\\/www.asebier.org\\\/?author=2\"}]}<\/script>\n<!-- \/ Yoast SEO plugin. -->","yoast_head_json":{"title":"Desaf\u00edos y consecuencias de un retraso en el diagn\u00f3stico de Enfermedades Raras - ASEBIER","robots":{"index":"index","follow":"follow","max-snippet":"max-snippet:-1","max-image-preview":"max-image-preview:large","max-video-preview":"max-video-preview:-1"},"canonical":"https:\/\/www.asebier.org\/?p=1544","og_locale":"es_ES","og_type":"article","og_title":"Desaf\u00edos y consecuencias de un retraso en el diagn\u00f3stico de Enfermedades Raras - ASEBIER","og_description":"Las enfermedades raras presentan un conjunto \u00fanico de desaf\u00edos, siendo uno de los m\u00e1s significativos el diagn\u00f3stico tard\u00edo. Este retraso en la identificaci\u00f3n de estas condiciones poco comunes puede tener&hellip;&nbsp;Leer m\u00e1s &raquo;Desaf\u00edos y consecuencias de un retraso en el diagn\u00f3stico de Enfermedades Raras","og_url":"https:\/\/www.asebier.org\/?p=1544","og_site_name":"ASEBIER","article_published_time":"2024-01-18T06:10:44+00:00","article_modified_time":"2024-01-18T06:10:45+00:00","og_image":[{"url":"https:\/\/www.asebier.org\/wp-content\/uploads\/2024\/01\/pexels-karolina-grabowska-4386466-1024x683.jpg","type":"","width":"","height":""}],"author":"Asebier","twitter_card":"summary_large_image","twitter_misc":{"Escrito por":"Asebier","Tiempo de lectura":"2 minutos"},"schema":{"@context":"https:\/\/schema.org","@graph":[{"@type":"Article","@id":"https:\/\/www.asebier.org\/?p=1544#article","isPartOf":{"@id":"https:\/\/www.asebier.org\/?p=1544"},"author":{"name":"Asebier","@id":"https:\/\/www.asebier.org\/#\/schema\/person\/11058a0903ea58288614bf2335d20d21"},"headline":"Desaf\u00edos y consecuencias de un retraso en el diagn\u00f3stico de Enfermedades Raras","datePublished":"2024-01-18T06:10:44+00:00","dateModified":"2024-01-18T06:10:45+00:00","mainEntityOfPage":{"@id":"https:\/\/www.asebier.org\/?p=1544"},"wordCount":433,"commentCount":0,"publisher":{"@id":"https:\/\/www.asebier.org\/#organization"},"image":{"@id":"https:\/\/www.asebier.org\/?p=1544#primaryimage"},"thumbnailUrl":"https:\/\/www.asebier.org\/wp-content\/uploads\/2024\/01\/pexels-karolina-grabowska-4386466-1024x683.jpg","articleSection":["Uncategorized"],"inLanguage":"es","potentialAction":[{"@type":"CommentAction","name":"Comment","target":["https:\/\/www.asebier.org\/?p=1544#respond"]}]},{"@type":"WebPage","@id":"https:\/\/www.asebier.org\/?p=1544","url":"https:\/\/www.asebier.org\/?p=1544","name":"Desaf\u00edos y consecuencias de un retraso en el diagn\u00f3stico de Enfermedades Raras - ASEBIER","isPartOf":{"@id":"https:\/\/www.asebier.org\/#website"},"primaryImageOfPage":{"@id":"https:\/\/www.asebier.org\/?p=1544#primaryimage"},"image":{"@id":"https:\/\/www.asebier.org\/?p=1544#primaryimage"},"thumbnailUrl":"https:\/\/www.asebier.org\/wp-content\/uploads\/2024\/01\/pexels-karolina-grabowska-4386466-1024x683.jpg","datePublished":"2024-01-18T06:10:44+00:00","dateModified":"2024-01-18T06:10:45+00:00","breadcrumb":{"@id":"https:\/\/www.asebier.org\/?p=1544#breadcrumb"},"inLanguage":"es","potentialAction":[{"@type":"ReadAction","target":["https:\/\/www.asebier.org\/?p=1544"]}]},{"@type":"ImageObject","inLanguage":"es","@id":"https:\/\/www.asebier.org\/?p=1544#primaryimage","url":"https:\/\/www.asebier.org\/wp-content\/uploads\/2024\/01\/pexels-karolina-grabowska-4386466-scaled.jpg","contentUrl":"https:\/\/www.asebier.org\/wp-content\/uploads\/2024\/01\/pexels-karolina-grabowska-4386466-scaled.jpg","width":2560,"height":1707},{"@type":"BreadcrumbList","@id":"https:\/\/www.asebier.org\/?p=1544#breadcrumb","itemListElement":[{"@type":"ListItem","position":1,"name":"Portada","item":"https:\/\/www.asebier.org\/"},{"@type":"ListItem","position":2,"name":"Desaf\u00edos y consecuencias de un retraso en el diagn\u00f3stico de Enfermedades Raras"}]},{"@type":"WebSite","@id":"https:\/\/www.asebier.org\/#website","url":"https:\/\/www.asebier.org\/","name":"ASEBIER","description":"Asociaci\u00f3n Euskadi Elkartea Enfermedades Raras EBH","publisher":{"@id":"https:\/\/www.asebier.org\/#organization"},"potentialAction":[{"@type":"SearchAction","target":{"@type":"EntryPoint","urlTemplate":"https:\/\/www.asebier.org\/?s={search_term_string}"},"query-input":{"@type":"PropertyValueSpecification","valueRequired":true,"valueName":"search_term_string"}}],"inLanguage":"es"},{"@type":"Organization","@id":"https:\/\/www.asebier.org\/#organization","name":"ASEBIER","url":"https:\/\/www.asebier.org\/","logo":{"@type":"ImageObject","inLanguage":"es","@id":"https:\/\/www.asebier.org\/#\/schema\/logo\/image\/","url":"https:\/\/www.asebier.org\/wp-content\/uploads\/2023\/11\/logo_asebier.png","contentUrl":"https:\/\/www.asebier.org\/wp-content\/uploads\/2023\/11\/logo_asebier.png","width":595,"height":420,"caption":"ASEBIER"},"image":{"@id":"https:\/\/www.asebier.org\/#\/schema\/logo\/image\/"}},{"@type":"Person","@id":"https:\/\/www.asebier.org\/#\/schema\/person\/11058a0903ea58288614bf2335d20d21","name":"Asebier","image":{"@type":"ImageObject","inLanguage":"es","@id":"https:\/\/secure.gravatar.com\/avatar\/bc272ffafacc0541c205fc3aaeaf62b2c2fa37e14be82248f72a31fb74d663a8?s=96&d=mm&r=g","url":"https:\/\/secure.gravatar.com\/avatar\/bc272ffafacc0541c205fc3aaeaf62b2c2fa37e14be82248f72a31fb74d663a8?s=96&d=mm&r=g","contentUrl":"https:\/\/secure.gravatar.com\/avatar\/bc272ffafacc0541c205fc3aaeaf62b2c2fa37e14be82248f72a31fb74d663a8?s=96&d=mm&r=g","caption":"Asebier"},"url":"https:\/\/www.asebier.org\/?author=2"}]}},"_links":{"self":[{"href":"https:\/\/www.asebier.org\/index.php?rest_route=\/wp\/v2\/posts\/1544","targetHints":{"allow":["GET"]}}],"collection":[{"href":"https:\/\/www.asebier.org\/index.php?rest_route=\/wp\/v2\/posts"}],"about":[{"href":"https:\/\/www.asebier.org\/index.php?rest_route=\/wp\/v2\/types\/post"}],"author":[{"embeddable":true,"href":"https:\/\/www.asebier.org\/index.php?rest_route=\/wp\/v2\/users\/2"}],"replies":[{"embeddable":true,"href":"https:\/\/www.asebier.org\/index.php?rest_route=%2Fwp%2Fv2%2Fcomments&post=1544"}],"version-history":[{"count":1,"href":"https:\/\/www.asebier.org\/index.php?rest_route=\/wp\/v2\/posts\/1544\/revisions"}],"predecessor-version":[{"id":1550,"href":"https:\/\/www.asebier.org\/index.php?rest_route=\/wp\/v2\/posts\/1544\/revisions\/1550"}],"wp:attachment":[{"href":"https:\/\/www.asebier.org\/index.php?rest_route=%2Fwp%2Fv2%2Fmedia&parent=1544"}],"wp:term":[{"taxonomy":"category","embeddable":true,"href":"https:\/\/www.asebier.org\/index.php?rest_route=%2Fwp%2Fv2%2Fcategories&post=1544"},{"taxonomy":"post_tag","embeddable":true,"href":"https:\/\/www.asebier.org\/index.php?rest_route=%2Fwp%2Fv2%2Ftags&post=1544"}],"curies":[{"name":"wp","href":"https:\/\/api.w.org\/{rel}","templated":true}]}}