{"id":1539,"date":"2023-12-21T16:10:21","date_gmt":"2023-12-21T16:10:21","guid":{"rendered":"https:\/\/www.asebier.org\/?p=1539"},"modified":"2023-12-21T16:10:22","modified_gmt":"2023-12-21T16:10:22","slug":"la-esperanza-ilumina-la-navidad","status":"publish","type":"post","link":"https:\/\/www.asebier.org\/?p=1539","title":{"rendered":"La esperanza ilumina la Navidad."},"content":{"rendered":"\n<p>En esta temporada festiva, mientras el esp\u00edritu navide\u00f1o llena el aire, nos gusta recordar que la solidaridad puede ser la luz que gu\u00eda a aquellos afectados por enfermedades raras hacia la esperanza.<\/p>\n\n\n<div class=\"wp-block-image\">\n<figure class=\"alignright size-large is-resized\"><img fetchpriority=\"high\" decoding=\"async\" width=\"1024\" height=\"683\" src=\"https:\/\/www.asebier.org\/wp-content\/uploads\/2023\/12\/pexels-dzenina-lukac-754262-1024x683.jpg\" alt=\"\" class=\"wp-image-1540\" style=\"width:392px;height:auto\" srcset=\"https:\/\/www.asebier.org\/wp-content\/uploads\/2023\/12\/pexels-dzenina-lukac-754262-1024x683.jpg 1024w, https:\/\/www.asebier.org\/wp-content\/uploads\/2023\/12\/pexels-dzenina-lukac-754262-300x200.jpg 300w, https:\/\/www.asebier.org\/wp-content\/uploads\/2023\/12\/pexels-dzenina-lukac-754262-768x512.jpg 768w, https:\/\/www.asebier.org\/wp-content\/uploads\/2023\/12\/pexels-dzenina-lukac-754262-1536x1024.jpg 1536w, https:\/\/www.asebier.org\/wp-content\/uploads\/2023\/12\/pexels-dzenina-lukac-754262-2048x1365.jpg 2048w, https:\/\/www.asebier.org\/wp-content\/uploads\/2023\/12\/pexels-dzenina-lukac-754262-930x620.jpg 930w\" sizes=\"(max-width: 1024px) 100vw, 1024px\" \/><\/figure>\n<\/div>\n\n\n<p>Las familias que se enfrentan a estas condiciones a menudo encuentran en la Navidad un recordatorio de la importancia de la unidad y el apoyo. Al igual que cada adorno en el \u00e1rbol tiene su propio brillo, cada individuo afectado por una enfermedad rara tiene su propia historia de valent\u00eda detr\u00e1s.<\/p>\n\n\n\n<p>En este periodo de reflexi\u00f3n y generosidad, consideramos c\u00f3mo podemos ser un faro de apoyo. Ya sea a trav\u00e9s de donaciones a organizaciones dedicadas a la investigaci\u00f3n, proporcionando apoyo emocional o simplemente siendo conscientes de la realidad de estas enfermedades, cada gesto cuenta.<\/p>\n\n\n\n<p>Que la esperanza, como una estrella brillante en la noche, ilumine el camino hacia un futuro donde las enfermedades raras sean comprendidas, tratadas y finalmente superadas.<\/p>\n\n\n\n<p><strong>\u00a1Felices Fiestas!<\/strong><\/p>\n","protected":false},"excerpt":{"rendered":"<p>En esta temporada festiva, mientras el esp\u00edritu navide\u00f1o llena el aire, nos gusta recordar que la solidaridad puede ser la luz que gu\u00eda a aquellos afectados por enfermedades raras hacia&hellip;&nbsp;<a href=\"https:\/\/www.asebier.org\/?p=1539\" class=\"\" rel=\"bookmark\">Leer m\u00e1s &raquo;<span class=\"screen-reader-text\">La esperanza ilumina la Navidad.<\/span><\/a><\/p>\n","protected":false},"author":2,"featured_media":0,"comment_status":"open","ping_status":"closed","sticky":false,"template":"","format":"standard","meta":{"neve_meta_sidebar":"","neve_meta_container":"","neve_meta_enable_content_width":"","neve_meta_content_width":0,"neve_meta_title_alignment":"","neve_meta_author_avatar":"","neve_post_elements_order":"","neve_meta_disable_header":"","neve_meta_disable_footer":"","neve_meta_disable_title":"","footnotes":""},"categories":[1],"tags":[],"class_list":["post-1539","post","type-post","status-publish","format-standard","hentry","category-uncategorized"],"yoast_head":"<!-- This site is optimized with the Yoast SEO plugin v27.5 - https:\/\/yoast.com\/product\/yoast-seo-wordpress\/ -->\n<title>La esperanza ilumina la Navidad. - ASEBIER<\/title>\n<meta name=\"description\" content=\"La esperanza ilumina la Navidad hacia un futuro donde las enfermedades raras sean comprendidas, tratadas y finalmente superadas.\" \/>\n<meta name=\"robots\" content=\"index, follow, max-snippet:-1, max-image-preview:large, max-video-preview:-1\" \/>\n<link rel=\"canonical\" href=\"https:\/\/www.asebier.org\/?p=1539\" \/>\n<meta property=\"og:locale\" content=\"es_ES\" \/>\n<meta property=\"og:type\" content=\"article\" \/>\n<meta property=\"og:title\" content=\"La esperanza ilumina la Navidad. - ASEBIER\" \/>\n<meta property=\"og:description\" content=\"La esperanza ilumina la Navidad hacia un futuro donde las enfermedades raras sean comprendidas, tratadas y finalmente superadas.\" \/>\n<meta property=\"og:url\" content=\"https:\/\/www.asebier.org\/?p=1539\" \/>\n<meta property=\"og:site_name\" content=\"ASEBIER\" \/>\n<meta property=\"article:published_time\" content=\"2023-12-21T16:10:21+00:00\" \/>\n<meta property=\"article:modified_time\" content=\"2023-12-21T16:10:22+00:00\" \/>\n<meta property=\"og:image\" content=\"https:\/\/www.asebier.org\/wp-content\/uploads\/2023\/12\/pexels-dzenina-lukac-754262-1024x683.jpg\" \/>\n<meta name=\"author\" content=\"Asebier\" \/>\n<meta name=\"twitter:card\" content=\"summary_large_image\" \/>\n<meta name=\"twitter:label1\" content=\"Escrito por\" \/>\n\t<meta name=\"twitter:data1\" content=\"Asebier\" \/>\n\t<meta name=\"twitter:label2\" content=\"Tiempo de lectura\" \/>\n\t<meta name=\"twitter:data2\" content=\"1 minuto\" \/>\n<script type=\"application\/ld+json\" class=\"yoast-schema-graph\">{\"@context\":\"https:\\\/\\\/schema.org\",\"@graph\":[{\"@type\":\"Article\",\"@id\":\"https:\\\/\\\/www.asebier.org\\\/?p=1539#article\",\"isPartOf\":{\"@id\":\"https:\\\/\\\/www.asebier.org\\\/?p=1539\"},\"author\":{\"name\":\"Asebier\",\"@id\":\"https:\\\/\\\/www.asebier.org\\\/#\\\/schema\\\/person\\\/11058a0903ea58288614bf2335d20d21\"},\"headline\":\"La esperanza ilumina la Navidad.\",\"datePublished\":\"2023-12-21T16:10:21+00:00\",\"dateModified\":\"2023-12-21T16:10:22+00:00\",\"mainEntityOfPage\":{\"@id\":\"https:\\\/\\\/www.asebier.org\\\/?p=1539\"},\"wordCount\":168,\"commentCount\":0,\"publisher\":{\"@id\":\"https:\\\/\\\/www.asebier.org\\\/#organization\"},\"image\":{\"@id\":\"https:\\\/\\\/www.asebier.org\\\/?p=1539#primaryimage\"},\"thumbnailUrl\":\"https:\\\/\\\/www.asebier.org\\\/wp-content\\\/uploads\\\/2023\\\/12\\\/pexels-dzenina-lukac-754262-1024x683.jpg\",\"articleSection\":[\"Uncategorized\"],\"inLanguage\":\"es\",\"potentialAction\":[{\"@type\":\"CommentAction\",\"name\":\"Comment\",\"target\":[\"https:\\\/\\\/www.asebier.org\\\/?p=1539#respond\"]}]},{\"@type\":\"WebPage\",\"@id\":\"https:\\\/\\\/www.asebier.org\\\/?p=1539\",\"url\":\"https:\\\/\\\/www.asebier.org\\\/?p=1539\",\"name\":\"La esperanza ilumina la Navidad. - ASEBIER\",\"isPartOf\":{\"@id\":\"https:\\\/\\\/www.asebier.org\\\/#website\"},\"primaryImageOfPage\":{\"@id\":\"https:\\\/\\\/www.asebier.org\\\/?p=1539#primaryimage\"},\"image\":{\"@id\":\"https:\\\/\\\/www.asebier.org\\\/?p=1539#primaryimage\"},\"thumbnailUrl\":\"https:\\\/\\\/www.asebier.org\\\/wp-content\\\/uploads\\\/2023\\\/12\\\/pexels-dzenina-lukac-754262-1024x683.jpg\",\"datePublished\":\"2023-12-21T16:10:21+00:00\",\"dateModified\":\"2023-12-21T16:10:22+00:00\",\"description\":\"La esperanza ilumina la Navidad hacia un futuro donde las enfermedades raras sean comprendidas, tratadas y finalmente superadas.\",\"breadcrumb\":{\"@id\":\"https:\\\/\\\/www.asebier.org\\\/?p=1539#breadcrumb\"},\"inLanguage\":\"es\",\"potentialAction\":[{\"@type\":\"ReadAction\",\"target\":[\"https:\\\/\\\/www.asebier.org\\\/?p=1539\"]}]},{\"@type\":\"ImageObject\",\"inLanguage\":\"es\",\"@id\":\"https:\\\/\\\/www.asebier.org\\\/?p=1539#primaryimage\",\"url\":\"https:\\\/\\\/www.asebier.org\\\/wp-content\\\/uploads\\\/2023\\\/12\\\/pexels-dzenina-lukac-754262-scaled.jpg\",\"contentUrl\":\"https:\\\/\\\/www.asebier.org\\\/wp-content\\\/uploads\\\/2023\\\/12\\\/pexels-dzenina-lukac-754262-scaled.jpg\",\"width\":2560,\"height\":1707},{\"@type\":\"BreadcrumbList\",\"@id\":\"https:\\\/\\\/www.asebier.org\\\/?p=1539#breadcrumb\",\"itemListElement\":[{\"@type\":\"ListItem\",\"position\":1,\"name\":\"Portada\",\"item\":\"https:\\\/\\\/www.asebier.org\\\/\"},{\"@type\":\"ListItem\",\"position\":2,\"name\":\"La esperanza ilumina la Navidad.\"}]},{\"@type\":\"WebSite\",\"@id\":\"https:\\\/\\\/www.asebier.org\\\/#website\",\"url\":\"https:\\\/\\\/www.asebier.org\\\/\",\"name\":\"ASEBIER\",\"description\":\"Asociaci\u00f3n Euskadi Elkartea Enfermedades Raras EBH\",\"publisher\":{\"@id\":\"https:\\\/\\\/www.asebier.org\\\/#organization\"},\"potentialAction\":[{\"@type\":\"SearchAction\",\"target\":{\"@type\":\"EntryPoint\",\"urlTemplate\":\"https:\\\/\\\/www.asebier.org\\\/?s={search_term_string}\"},\"query-input\":{\"@type\":\"PropertyValueSpecification\",\"valueRequired\":true,\"valueName\":\"search_term_string\"}}],\"inLanguage\":\"es\"},{\"@type\":\"Organization\",\"@id\":\"https:\\\/\\\/www.asebier.org\\\/#organization\",\"name\":\"ASEBIER\",\"url\":\"https:\\\/\\\/www.asebier.org\\\/\",\"logo\":{\"@type\":\"ImageObject\",\"inLanguage\":\"es\",\"@id\":\"https:\\\/\\\/www.asebier.org\\\/#\\\/schema\\\/logo\\\/image\\\/\",\"url\":\"https:\\\/\\\/www.asebier.org\\\/wp-content\\\/uploads\\\/2023\\\/11\\\/logo_asebier.png\",\"contentUrl\":\"https:\\\/\\\/www.asebier.org\\\/wp-content\\\/uploads\\\/2023\\\/11\\\/logo_asebier.png\",\"width\":595,\"height\":420,\"caption\":\"ASEBIER\"},\"image\":{\"@id\":\"https:\\\/\\\/www.asebier.org\\\/#\\\/schema\\\/logo\\\/image\\\/\"}},{\"@type\":\"Person\",\"@id\":\"https:\\\/\\\/www.asebier.org\\\/#\\\/schema\\\/person\\\/11058a0903ea58288614bf2335d20d21\",\"name\":\"Asebier\",\"image\":{\"@type\":\"ImageObject\",\"inLanguage\":\"es\",\"@id\":\"https:\\\/\\\/secure.gravatar.com\\\/avatar\\\/bc272ffafacc0541c205fc3aaeaf62b2c2fa37e14be82248f72a31fb74d663a8?s=96&d=mm&r=g\",\"url\":\"https:\\\/\\\/secure.gravatar.com\\\/avatar\\\/bc272ffafacc0541c205fc3aaeaf62b2c2fa37e14be82248f72a31fb74d663a8?s=96&d=mm&r=g\",\"contentUrl\":\"https:\\\/\\\/secure.gravatar.com\\\/avatar\\\/bc272ffafacc0541c205fc3aaeaf62b2c2fa37e14be82248f72a31fb74d663a8?s=96&d=mm&r=g\",\"caption\":\"Asebier\"},\"url\":\"https:\\\/\\\/www.asebier.org\\\/?author=2\"}]}<\/script>\n<!-- \/ Yoast SEO plugin. -->","yoast_head_json":{"title":"La esperanza ilumina la Navidad. - ASEBIER","description":"La esperanza ilumina la Navidad hacia un futuro donde las enfermedades raras sean comprendidas, tratadas y finalmente superadas.","robots":{"index":"index","follow":"follow","max-snippet":"max-snippet:-1","max-image-preview":"max-image-preview:large","max-video-preview":"max-video-preview:-1"},"canonical":"https:\/\/www.asebier.org\/?p=1539","og_locale":"es_ES","og_type":"article","og_title":"La esperanza ilumina la Navidad. - ASEBIER","og_description":"La esperanza ilumina la Navidad hacia un futuro donde las enfermedades raras sean comprendidas, tratadas y finalmente superadas.","og_url":"https:\/\/www.asebier.org\/?p=1539","og_site_name":"ASEBIER","article_published_time":"2023-12-21T16:10:21+00:00","article_modified_time":"2023-12-21T16:10:22+00:00","og_image":[{"url":"https:\/\/www.asebier.org\/wp-content\/uploads\/2023\/12\/pexels-dzenina-lukac-754262-1024x683.jpg","type":"","width":"","height":""}],"author":"Asebier","twitter_card":"summary_large_image","twitter_misc":{"Escrito por":"Asebier","Tiempo de lectura":"1 minuto"},"schema":{"@context":"https:\/\/schema.org","@graph":[{"@type":"Article","@id":"https:\/\/www.asebier.org\/?p=1539#article","isPartOf":{"@id":"https:\/\/www.asebier.org\/?p=1539"},"author":{"name":"Asebier","@id":"https:\/\/www.asebier.org\/#\/schema\/person\/11058a0903ea58288614bf2335d20d21"},"headline":"La esperanza ilumina la Navidad.","datePublished":"2023-12-21T16:10:21+00:00","dateModified":"2023-12-21T16:10:22+00:00","mainEntityOfPage":{"@id":"https:\/\/www.asebier.org\/?p=1539"},"wordCount":168,"commentCount":0,"publisher":{"@id":"https:\/\/www.asebier.org\/#organization"},"image":{"@id":"https:\/\/www.asebier.org\/?p=1539#primaryimage"},"thumbnailUrl":"https:\/\/www.asebier.org\/wp-content\/uploads\/2023\/12\/pexels-dzenina-lukac-754262-1024x683.jpg","articleSection":["Uncategorized"],"inLanguage":"es","potentialAction":[{"@type":"CommentAction","name":"Comment","target":["https:\/\/www.asebier.org\/?p=1539#respond"]}]},{"@type":"WebPage","@id":"https:\/\/www.asebier.org\/?p=1539","url":"https:\/\/www.asebier.org\/?p=1539","name":"La esperanza ilumina la Navidad. - ASEBIER","isPartOf":{"@id":"https:\/\/www.asebier.org\/#website"},"primaryImageOfPage":{"@id":"https:\/\/www.asebier.org\/?p=1539#primaryimage"},"image":{"@id":"https:\/\/www.asebier.org\/?p=1539#primaryimage"},"thumbnailUrl":"https:\/\/www.asebier.org\/wp-content\/uploads\/2023\/12\/pexels-dzenina-lukac-754262-1024x683.jpg","datePublished":"2023-12-21T16:10:21+00:00","dateModified":"2023-12-21T16:10:22+00:00","description":"La esperanza ilumina la Navidad hacia un futuro donde las enfermedades raras sean comprendidas, tratadas y finalmente superadas.","breadcrumb":{"@id":"https:\/\/www.asebier.org\/?p=1539#breadcrumb"},"inLanguage":"es","potentialAction":[{"@type":"ReadAction","target":["https:\/\/www.asebier.org\/?p=1539"]}]},{"@type":"ImageObject","inLanguage":"es","@id":"https:\/\/www.asebier.org\/?p=1539#primaryimage","url":"https:\/\/www.asebier.org\/wp-content\/uploads\/2023\/12\/pexels-dzenina-lukac-754262-scaled.jpg","contentUrl":"https:\/\/www.asebier.org\/wp-content\/uploads\/2023\/12\/pexels-dzenina-lukac-754262-scaled.jpg","width":2560,"height":1707},{"@type":"BreadcrumbList","@id":"https:\/\/www.asebier.org\/?p=1539#breadcrumb","itemListElement":[{"@type":"ListItem","position":1,"name":"Portada","item":"https:\/\/www.asebier.org\/"},{"@type":"ListItem","position":2,"name":"La esperanza ilumina la Navidad."}]},{"@type":"WebSite","@id":"https:\/\/www.asebier.org\/#website","url":"https:\/\/www.asebier.org\/","name":"ASEBIER","description":"Asociaci\u00f3n Euskadi Elkartea Enfermedades Raras EBH","publisher":{"@id":"https:\/\/www.asebier.org\/#organization"},"potentialAction":[{"@type":"SearchAction","target":{"@type":"EntryPoint","urlTemplate":"https:\/\/www.asebier.org\/?s={search_term_string}"},"query-input":{"@type":"PropertyValueSpecification","valueRequired":true,"valueName":"search_term_string"}}],"inLanguage":"es"},{"@type":"Organization","@id":"https:\/\/www.asebier.org\/#organization","name":"ASEBIER","url":"https:\/\/www.asebier.org\/","logo":{"@type":"ImageObject","inLanguage":"es","@id":"https:\/\/www.asebier.org\/#\/schema\/logo\/image\/","url":"https:\/\/www.asebier.org\/wp-content\/uploads\/2023\/11\/logo_asebier.png","contentUrl":"https:\/\/www.asebier.org\/wp-content\/uploads\/2023\/11\/logo_asebier.png","width":595,"height":420,"caption":"ASEBIER"},"image":{"@id":"https:\/\/www.asebier.org\/#\/schema\/logo\/image\/"}},{"@type":"Person","@id":"https:\/\/www.asebier.org\/#\/schema\/person\/11058a0903ea58288614bf2335d20d21","name":"Asebier","image":{"@type":"ImageObject","inLanguage":"es","@id":"https:\/\/secure.gravatar.com\/avatar\/bc272ffafacc0541c205fc3aaeaf62b2c2fa37e14be82248f72a31fb74d663a8?s=96&d=mm&r=g","url":"https:\/\/secure.gravatar.com\/avatar\/bc272ffafacc0541c205fc3aaeaf62b2c2fa37e14be82248f72a31fb74d663a8?s=96&d=mm&r=g","contentUrl":"https:\/\/secure.gravatar.com\/avatar\/bc272ffafacc0541c205fc3aaeaf62b2c2fa37e14be82248f72a31fb74d663a8?s=96&d=mm&r=g","caption":"Asebier"},"url":"https:\/\/www.asebier.org\/?author=2"}]}},"_links":{"self":[{"href":"https:\/\/www.asebier.org\/index.php?rest_route=\/wp\/v2\/posts\/1539","targetHints":{"allow":["GET"]}}],"collection":[{"href":"https:\/\/www.asebier.org\/index.php?rest_route=\/wp\/v2\/posts"}],"about":[{"href":"https:\/\/www.asebier.org\/index.php?rest_route=\/wp\/v2\/types\/post"}],"author":[{"embeddable":true,"href":"https:\/\/www.asebier.org\/index.php?rest_route=\/wp\/v2\/users\/2"}],"replies":[{"embeddable":true,"href":"https:\/\/www.asebier.org\/index.php?rest_route=%2Fwp%2Fv2%2Fcomments&post=1539"}],"version-history":[{"count":1,"href":"https:\/\/www.asebier.org\/index.php?rest_route=\/wp\/v2\/posts\/1539\/revisions"}],"predecessor-version":[{"id":1541,"href":"https:\/\/www.asebier.org\/index.php?rest_route=\/wp\/v2\/posts\/1539\/revisions\/1541"}],"wp:attachment":[{"href":"https:\/\/www.asebier.org\/index.php?rest_route=%2Fwp%2Fv2%2Fmedia&parent=1539"}],"wp:term":[{"taxonomy":"category","embeddable":true,"href":"https:\/\/www.asebier.org\/index.php?rest_route=%2Fwp%2Fv2%2Fcategories&post=1539"},{"taxonomy":"post_tag","embeddable":true,"href":"https:\/\/www.asebier.org\/index.php?rest_route=%2Fwp%2Fv2%2Ftags&post=1539"}],"curies":[{"name":"wp","href":"https:\/\/api.w.org\/{rel}","templated":true}]}}