{"id":1535,"date":"2024-01-11T08:28:52","date_gmt":"2024-01-11T08:28:52","guid":{"rendered":"https:\/\/www.asebier.org\/?p=1535"},"modified":"2024-01-11T08:28:54","modified_gmt":"2024-01-11T08:28:54","slug":"enfrentando-lo-desconocido-como-detectar-y-abordar-enfermedades-raras","status":"publish","type":"post","link":"https:\/\/www.asebier.org\/?p=1535","title":{"rendered":"\u00abEnfrentando lo Desconocido: C\u00f3mo Detectar y Abordar Enfermedades Raras\u00bb"},"content":{"rendered":"\n<p>Detectar una <a href=\"https:\/\/www.orpha.net\/consor\/cgi-bin\/Education_AboutRareDiseases.php?lng=ES\"><mark style=\"background-color:rgba(0, 0, 0, 0)\" class=\"has-inline-color has-neve-link-hover-color-color\">enfe<\/mark><\/a><a href=\"https:\/\/www.orpha.net\/consor\/cgi-bin\/Education_AboutRareDiseases.php?lng=ES\" target=\"_blank\" rel=\"noreferrer noopener\"><mark style=\"background-color:rgba(0, 0, 0, 0)\" class=\"has-inline-color has-neve-link-hover-color-color\">rmedad rara<\/mark><\/a><mark style=\"background-color:rgba(0, 0, 0, 0)\" class=\"has-inline-color has-neve-link-hover-color-color\"> <\/mark>puede ser un desaf\u00edo debido a la falta de informaci\u00f3n y experiencia m\u00e9dica disponible en muchos casos. Sin embargo, aqu\u00ed hay algunos pasos generales que podr\u00edas seguir si sospechas que podr\u00edas tener una enfermedad rara:<\/p>\n\n\n<div class=\"wp-block-image\">\n<figure class=\"alignright size-large is-resized\"><img fetchpriority=\"high\" decoding=\"async\" width=\"683\" height=\"1024\" src=\"https:\/\/www.asebier.org\/wp-content\/uploads\/2023\/12\/pexels-karolina-grabowska-4386467-683x1024.jpg\" alt=\"\" class=\"wp-image-1537\" style=\"width:257px;height:auto\" srcset=\"https:\/\/www.asebier.org\/wp-content\/uploads\/2023\/12\/pexels-karolina-grabowska-4386467-683x1024.jpg 683w, https:\/\/www.asebier.org\/wp-content\/uploads\/2023\/12\/pexels-karolina-grabowska-4386467-200x300.jpg 200w, https:\/\/www.asebier.org\/wp-content\/uploads\/2023\/12\/pexels-karolina-grabowska-4386467-768x1152.jpg 768w, https:\/\/www.asebier.org\/wp-content\/uploads\/2023\/12\/pexels-karolina-grabowska-4386467-1024x1536.jpg 1024w, https:\/\/www.asebier.org\/wp-content\/uploads\/2023\/12\/pexels-karolina-grabowska-4386467-1365x2048.jpg 1365w, https:\/\/www.asebier.org\/wp-content\/uploads\/2023\/12\/pexels-karolina-grabowska-4386467-scaled.jpg 1707w\" sizes=\"(max-width: 683px) 100vw, 683px\" \/><\/figure>\n<\/div>\n\n\n<ol class=\"wp-block-list\">\n<li><strong>Consulta a un m\u00e9dico especialista:<\/strong> Si experimentas s\u00edntomas inusuales o persistentes, es crucial buscar la ayuda de un m\u00e9dico. Dependiendo de los s\u00edntomas, es posible que necesites ver a un especialista, como un genetista, un neur\u00f3logo, un reumat\u00f3logo, etc.<\/li>\n\n\n\n<li><strong>Historial m\u00e9dico detallado:<\/strong> Proporciona a tu m\u00e9dico un historial m\u00e9dico completo, incluyendo detalles sobre los s\u00edntomas, su duraci\u00f3n, cualquier factor desencadenante y cualquier condici\u00f3n m\u00e9dica previa. Esto ayudar\u00e1 al m\u00e9dico a comprender mejor tu situaci\u00f3n.<\/li>\n\n\n\n<li><strong>Pruebas de diagn\u00f3stico:<\/strong> Tu m\u00e9dico puede ordenar una variedad de pruebas para evaluar tus s\u00edntomas. Estas pruebas pueden incluir an\u00e1lisis de sangre, pruebas gen\u00e9ticas, estudios de imagenolog\u00eda (como resonancias magn\u00e9ticas o tomograf\u00edas computarizadas) u otras pruebas especializadas.<\/li>\n\n\n\n<li><strong>Consulta a un especialista en enfermedades raras:<\/strong> En algunos casos, puede ser \u00fatil buscar la orientaci\u00f3n de un especialista en enfermedades raras. Estos m\u00e9dicos tienen experiencia en condiciones poco comunes y pueden ofrecer informaci\u00f3n valiosa sobre diagn\u00f3stico y tratamiento.<\/li>\n\n\n\n<li><strong>Participaci\u00f3n en estudios cl\u00ednicos:<\/strong> En algunos casos, la participaci\u00f3n en estudios cl\u00ednicos puede ser una opci\u00f3n. Los estudios cl\u00ednicos permiten a los pacientes acceder a tratamientos experimentales y contribuir a la investigaci\u00f3n m\u00e9dica.<\/li>\n\n\n\n<li><strong>Segunda opini\u00f3n m\u00e9dica:<\/strong> Si tienes dudas sobre el diagn\u00f3stico inicial o sientes que no est\u00e1s obteniendo respuestas satisfactorias, considera buscar una segunda opini\u00f3n m\u00e9dica. Otro m\u00e9dico puede tener una perspectiva diferente y ofrecer nuevas ideas para el diagn\u00f3stico y tratamiento.<\/li>\n<\/ol>\n\n\n\n<p>Recuerda que el proceso de diagn\u00f3stico de enfermedades raras puede llevar tiempo, ya que a menudo implica la colaboraci\u00f3n de varios especialistas y la realizaci\u00f3n de pruebas espec\u00edficas. La paciencia y la comunicaci\u00f3n abierta con tu equipo m\u00e9dico son clave durante este proceso.<\/p>\n","protected":false},"excerpt":{"rendered":"<p>Detectar una enfermedad rara puede ser un desaf\u00edo debido a la falta de informaci\u00f3n y experiencia m\u00e9dica disponible en muchos casos. Sin embargo, aqu\u00ed hay algunos pasos generales que podr\u00edas&hellip;&nbsp;<a href=\"https:\/\/www.asebier.org\/?p=1535\" class=\"\" rel=\"bookmark\">Leer m\u00e1s &raquo;<span class=\"screen-reader-text\">\u00abEnfrentando lo Desconocido: C\u00f3mo Detectar y Abordar Enfermedades Raras\u00bb<\/span><\/a><\/p>\n","protected":false},"author":2,"featured_media":0,"comment_status":"open","ping_status":"closed","sticky":false,"template":"","format":"standard","meta":{"neve_meta_sidebar":"","neve_meta_container":"","neve_meta_enable_content_width":"","neve_meta_content_width":0,"neve_meta_title_alignment":"","neve_meta_author_avatar":"","neve_post_elements_order":"","neve_meta_disable_header":"","neve_meta_disable_footer":"","neve_meta_disable_title":"","footnotes":""},"categories":[1],"tags":[],"class_list":["post-1535","post","type-post","status-publish","format-standard","hentry","category-uncategorized"],"yoast_head":"<!-- This site is optimized with the Yoast SEO plugin v27.5 - https:\/\/yoast.com\/product\/yoast-seo-wordpress\/ -->\n<title>&quot;Enfrentando lo Desconocido: C\u00f3mo Detectar y Abordar Enfermedades Raras&quot; - ASEBIER<\/title>\n<meta name=\"robots\" content=\"index, follow, max-snippet:-1, max-image-preview:large, max-video-preview:-1\" \/>\n<link rel=\"canonical\" href=\"https:\/\/www.asebier.org\/?p=1535\" \/>\n<meta property=\"og:locale\" content=\"es_ES\" \/>\n<meta property=\"og:type\" content=\"article\" \/>\n<meta property=\"og:title\" content=\"&quot;Enfrentando lo Desconocido: C\u00f3mo Detectar y Abordar Enfermedades Raras&quot; - ASEBIER\" \/>\n<meta property=\"og:description\" content=\"Detectar una enfermedad rara puede ser un desaf\u00edo debido a la falta de informaci\u00f3n y experiencia m\u00e9dica disponible en muchos casos. Sin embargo, aqu\u00ed hay algunos pasos generales que podr\u00edas&hellip;&nbsp;Leer m\u00e1s &raquo;\u00abEnfrentando lo Desconocido: C\u00f3mo Detectar y Abordar Enfermedades Raras\u00bb\" \/>\n<meta property=\"og:url\" content=\"https:\/\/www.asebier.org\/?p=1535\" \/>\n<meta property=\"og:site_name\" content=\"ASEBIER\" \/>\n<meta property=\"article:published_time\" content=\"2024-01-11T08:28:52+00:00\" \/>\n<meta property=\"article:modified_time\" content=\"2024-01-11T08:28:54+00:00\" \/>\n<meta property=\"og:image\" content=\"https:\/\/www.asebier.org\/wp-content\/uploads\/2023\/12\/pexels-karolina-grabowska-4386467-683x1024.jpg\" \/>\n<meta name=\"author\" content=\"Asebier\" \/>\n<meta name=\"twitter:card\" content=\"summary_large_image\" \/>\n<meta name=\"twitter:label1\" content=\"Escrito por\" \/>\n\t<meta name=\"twitter:data1\" content=\"Asebier\" \/>\n\t<meta name=\"twitter:label2\" content=\"Tiempo de lectura\" \/>\n\t<meta name=\"twitter:data2\" content=\"2 minutos\" \/>\n<script type=\"application\/ld+json\" class=\"yoast-schema-graph\">{\"@context\":\"https:\\\/\\\/schema.org\",\"@graph\":[{\"@type\":\"Article\",\"@id\":\"https:\\\/\\\/www.asebier.org\\\/?p=1535#article\",\"isPartOf\":{\"@id\":\"https:\\\/\\\/www.asebier.org\\\/?p=1535\"},\"author\":{\"name\":\"Asebier\",\"@id\":\"https:\\\/\\\/www.asebier.org\\\/#\\\/schema\\\/person\\\/11058a0903ea58288614bf2335d20d21\"},\"headline\":\"\u00abEnfrentando lo Desconocido: C\u00f3mo Detectar y Abordar Enfermedades Raras\u00bb\",\"datePublished\":\"2024-01-11T08:28:52+00:00\",\"dateModified\":\"2024-01-11T08:28:54+00:00\",\"mainEntityOfPage\":{\"@id\":\"https:\\\/\\\/www.asebier.org\\\/?p=1535\"},\"wordCount\":370,\"commentCount\":0,\"publisher\":{\"@id\":\"https:\\\/\\\/www.asebier.org\\\/#organization\"},\"image\":{\"@id\":\"https:\\\/\\\/www.asebier.org\\\/?p=1535#primaryimage\"},\"thumbnailUrl\":\"https:\\\/\\\/www.asebier.org\\\/wp-content\\\/uploads\\\/2023\\\/12\\\/pexels-karolina-grabowska-4386467-683x1024.jpg\",\"articleSection\":[\"Uncategorized\"],\"inLanguage\":\"es\",\"potentialAction\":[{\"@type\":\"CommentAction\",\"name\":\"Comment\",\"target\":[\"https:\\\/\\\/www.asebier.org\\\/?p=1535#respond\"]}]},{\"@type\":\"WebPage\",\"@id\":\"https:\\\/\\\/www.asebier.org\\\/?p=1535\",\"url\":\"https:\\\/\\\/www.asebier.org\\\/?p=1535\",\"name\":\"\\\"Enfrentando lo Desconocido: C\u00f3mo Detectar y Abordar Enfermedades Raras\\\" - ASEBIER\",\"isPartOf\":{\"@id\":\"https:\\\/\\\/www.asebier.org\\\/#website\"},\"primaryImageOfPage\":{\"@id\":\"https:\\\/\\\/www.asebier.org\\\/?p=1535#primaryimage\"},\"image\":{\"@id\":\"https:\\\/\\\/www.asebier.org\\\/?p=1535#primaryimage\"},\"thumbnailUrl\":\"https:\\\/\\\/www.asebier.org\\\/wp-content\\\/uploads\\\/2023\\\/12\\\/pexels-karolina-grabowska-4386467-683x1024.jpg\",\"datePublished\":\"2024-01-11T08:28:52+00:00\",\"dateModified\":\"2024-01-11T08:28:54+00:00\",\"breadcrumb\":{\"@id\":\"https:\\\/\\\/www.asebier.org\\\/?p=1535#breadcrumb\"},\"inLanguage\":\"es\",\"potentialAction\":[{\"@type\":\"ReadAction\",\"target\":[\"https:\\\/\\\/www.asebier.org\\\/?p=1535\"]}]},{\"@type\":\"ImageObject\",\"inLanguage\":\"es\",\"@id\":\"https:\\\/\\\/www.asebier.org\\\/?p=1535#primaryimage\",\"url\":\"https:\\\/\\\/www.asebier.org\\\/wp-content\\\/uploads\\\/2023\\\/12\\\/pexels-karolina-grabowska-4386467-scaled.jpg\",\"contentUrl\":\"https:\\\/\\\/www.asebier.org\\\/wp-content\\\/uploads\\\/2023\\\/12\\\/pexels-karolina-grabowska-4386467-scaled.jpg\",\"width\":1707,\"height\":2560},{\"@type\":\"BreadcrumbList\",\"@id\":\"https:\\\/\\\/www.asebier.org\\\/?p=1535#breadcrumb\",\"itemListElement\":[{\"@type\":\"ListItem\",\"position\":1,\"name\":\"Portada\",\"item\":\"https:\\\/\\\/www.asebier.org\\\/\"},{\"@type\":\"ListItem\",\"position\":2,\"name\":\"\u00abEnfrentando lo Desconocido: C\u00f3mo Detectar y Abordar Enfermedades Raras\u00bb\"}]},{\"@type\":\"WebSite\",\"@id\":\"https:\\\/\\\/www.asebier.org\\\/#website\",\"url\":\"https:\\\/\\\/www.asebier.org\\\/\",\"name\":\"ASEBIER\",\"description\":\"Asociaci\u00f3n Euskadi Elkartea Enfermedades Raras EBH\",\"publisher\":{\"@id\":\"https:\\\/\\\/www.asebier.org\\\/#organization\"},\"potentialAction\":[{\"@type\":\"SearchAction\",\"target\":{\"@type\":\"EntryPoint\",\"urlTemplate\":\"https:\\\/\\\/www.asebier.org\\\/?s={search_term_string}\"},\"query-input\":{\"@type\":\"PropertyValueSpecification\",\"valueRequired\":true,\"valueName\":\"search_term_string\"}}],\"inLanguage\":\"es\"},{\"@type\":\"Organization\",\"@id\":\"https:\\\/\\\/www.asebier.org\\\/#organization\",\"name\":\"ASEBIER\",\"url\":\"https:\\\/\\\/www.asebier.org\\\/\",\"logo\":{\"@type\":\"ImageObject\",\"inLanguage\":\"es\",\"@id\":\"https:\\\/\\\/www.asebier.org\\\/#\\\/schema\\\/logo\\\/image\\\/\",\"url\":\"https:\\\/\\\/www.asebier.org\\\/wp-content\\\/uploads\\\/2023\\\/11\\\/logo_asebier.png\",\"contentUrl\":\"https:\\\/\\\/www.asebier.org\\\/wp-content\\\/uploads\\\/2023\\\/11\\\/logo_asebier.png\",\"width\":595,\"height\":420,\"caption\":\"ASEBIER\"},\"image\":{\"@id\":\"https:\\\/\\\/www.asebier.org\\\/#\\\/schema\\\/logo\\\/image\\\/\"}},{\"@type\":\"Person\",\"@id\":\"https:\\\/\\\/www.asebier.org\\\/#\\\/schema\\\/person\\\/11058a0903ea58288614bf2335d20d21\",\"name\":\"Asebier\",\"image\":{\"@type\":\"ImageObject\",\"inLanguage\":\"es\",\"@id\":\"https:\\\/\\\/secure.gravatar.com\\\/avatar\\\/bc272ffafacc0541c205fc3aaeaf62b2c2fa37e14be82248f72a31fb74d663a8?s=96&d=mm&r=g\",\"url\":\"https:\\\/\\\/secure.gravatar.com\\\/avatar\\\/bc272ffafacc0541c205fc3aaeaf62b2c2fa37e14be82248f72a31fb74d663a8?s=96&d=mm&r=g\",\"contentUrl\":\"https:\\\/\\\/secure.gravatar.com\\\/avatar\\\/bc272ffafacc0541c205fc3aaeaf62b2c2fa37e14be82248f72a31fb74d663a8?s=96&d=mm&r=g\",\"caption\":\"Asebier\"},\"url\":\"https:\\\/\\\/www.asebier.org\\\/?author=2\"}]}<\/script>\n<!-- \/ Yoast SEO plugin. -->","yoast_head_json":{"title":"\"Enfrentando lo Desconocido: C\u00f3mo Detectar y Abordar Enfermedades Raras\" - ASEBIER","robots":{"index":"index","follow":"follow","max-snippet":"max-snippet:-1","max-image-preview":"max-image-preview:large","max-video-preview":"max-video-preview:-1"},"canonical":"https:\/\/www.asebier.org\/?p=1535","og_locale":"es_ES","og_type":"article","og_title":"\"Enfrentando lo Desconocido: C\u00f3mo Detectar y Abordar Enfermedades Raras\" - ASEBIER","og_description":"Detectar una enfermedad rara puede ser un desaf\u00edo debido a la falta de informaci\u00f3n y experiencia m\u00e9dica disponible en muchos casos. Sin embargo, aqu\u00ed hay algunos pasos generales que podr\u00edas&hellip;&nbsp;Leer m\u00e1s &raquo;\u00abEnfrentando lo Desconocido: C\u00f3mo Detectar y Abordar Enfermedades Raras\u00bb","og_url":"https:\/\/www.asebier.org\/?p=1535","og_site_name":"ASEBIER","article_published_time":"2024-01-11T08:28:52+00:00","article_modified_time":"2024-01-11T08:28:54+00:00","og_image":[{"url":"https:\/\/www.asebier.org\/wp-content\/uploads\/2023\/12\/pexels-karolina-grabowska-4386467-683x1024.jpg","type":"","width":"","height":""}],"author":"Asebier","twitter_card":"summary_large_image","twitter_misc":{"Escrito por":"Asebier","Tiempo de lectura":"2 minutos"},"schema":{"@context":"https:\/\/schema.org","@graph":[{"@type":"Article","@id":"https:\/\/www.asebier.org\/?p=1535#article","isPartOf":{"@id":"https:\/\/www.asebier.org\/?p=1535"},"author":{"name":"Asebier","@id":"https:\/\/www.asebier.org\/#\/schema\/person\/11058a0903ea58288614bf2335d20d21"},"headline":"\u00abEnfrentando lo Desconocido: C\u00f3mo Detectar y Abordar Enfermedades Raras\u00bb","datePublished":"2024-01-11T08:28:52+00:00","dateModified":"2024-01-11T08:28:54+00:00","mainEntityOfPage":{"@id":"https:\/\/www.asebier.org\/?p=1535"},"wordCount":370,"commentCount":0,"publisher":{"@id":"https:\/\/www.asebier.org\/#organization"},"image":{"@id":"https:\/\/www.asebier.org\/?p=1535#primaryimage"},"thumbnailUrl":"https:\/\/www.asebier.org\/wp-content\/uploads\/2023\/12\/pexels-karolina-grabowska-4386467-683x1024.jpg","articleSection":["Uncategorized"],"inLanguage":"es","potentialAction":[{"@type":"CommentAction","name":"Comment","target":["https:\/\/www.asebier.org\/?p=1535#respond"]}]},{"@type":"WebPage","@id":"https:\/\/www.asebier.org\/?p=1535","url":"https:\/\/www.asebier.org\/?p=1535","name":"\"Enfrentando lo Desconocido: C\u00f3mo Detectar y Abordar Enfermedades Raras\" - ASEBIER","isPartOf":{"@id":"https:\/\/www.asebier.org\/#website"},"primaryImageOfPage":{"@id":"https:\/\/www.asebier.org\/?p=1535#primaryimage"},"image":{"@id":"https:\/\/www.asebier.org\/?p=1535#primaryimage"},"thumbnailUrl":"https:\/\/www.asebier.org\/wp-content\/uploads\/2023\/12\/pexels-karolina-grabowska-4386467-683x1024.jpg","datePublished":"2024-01-11T08:28:52+00:00","dateModified":"2024-01-11T08:28:54+00:00","breadcrumb":{"@id":"https:\/\/www.asebier.org\/?p=1535#breadcrumb"},"inLanguage":"es","potentialAction":[{"@type":"ReadAction","target":["https:\/\/www.asebier.org\/?p=1535"]}]},{"@type":"ImageObject","inLanguage":"es","@id":"https:\/\/www.asebier.org\/?p=1535#primaryimage","url":"https:\/\/www.asebier.org\/wp-content\/uploads\/2023\/12\/pexels-karolina-grabowska-4386467-scaled.jpg","contentUrl":"https:\/\/www.asebier.org\/wp-content\/uploads\/2023\/12\/pexels-karolina-grabowska-4386467-scaled.jpg","width":1707,"height":2560},{"@type":"BreadcrumbList","@id":"https:\/\/www.asebier.org\/?p=1535#breadcrumb","itemListElement":[{"@type":"ListItem","position":1,"name":"Portada","item":"https:\/\/www.asebier.org\/"},{"@type":"ListItem","position":2,"name":"\u00abEnfrentando lo Desconocido: C\u00f3mo Detectar y Abordar Enfermedades Raras\u00bb"}]},{"@type":"WebSite","@id":"https:\/\/www.asebier.org\/#website","url":"https:\/\/www.asebier.org\/","name":"ASEBIER","description":"Asociaci\u00f3n Euskadi Elkartea Enfermedades Raras EBH","publisher":{"@id":"https:\/\/www.asebier.org\/#organization"},"potentialAction":[{"@type":"SearchAction","target":{"@type":"EntryPoint","urlTemplate":"https:\/\/www.asebier.org\/?s={search_term_string}"},"query-input":{"@type":"PropertyValueSpecification","valueRequired":true,"valueName":"search_term_string"}}],"inLanguage":"es"},{"@type":"Organization","@id":"https:\/\/www.asebier.org\/#organization","name":"ASEBIER","url":"https:\/\/www.asebier.org\/","logo":{"@type":"ImageObject","inLanguage":"es","@id":"https:\/\/www.asebier.org\/#\/schema\/logo\/image\/","url":"https:\/\/www.asebier.org\/wp-content\/uploads\/2023\/11\/logo_asebier.png","contentUrl":"https:\/\/www.asebier.org\/wp-content\/uploads\/2023\/11\/logo_asebier.png","width":595,"height":420,"caption":"ASEBIER"},"image":{"@id":"https:\/\/www.asebier.org\/#\/schema\/logo\/image\/"}},{"@type":"Person","@id":"https:\/\/www.asebier.org\/#\/schema\/person\/11058a0903ea58288614bf2335d20d21","name":"Asebier","image":{"@type":"ImageObject","inLanguage":"es","@id":"https:\/\/secure.gravatar.com\/avatar\/bc272ffafacc0541c205fc3aaeaf62b2c2fa37e14be82248f72a31fb74d663a8?s=96&d=mm&r=g","url":"https:\/\/secure.gravatar.com\/avatar\/bc272ffafacc0541c205fc3aaeaf62b2c2fa37e14be82248f72a31fb74d663a8?s=96&d=mm&r=g","contentUrl":"https:\/\/secure.gravatar.com\/avatar\/bc272ffafacc0541c205fc3aaeaf62b2c2fa37e14be82248f72a31fb74d663a8?s=96&d=mm&r=g","caption":"Asebier"},"url":"https:\/\/www.asebier.org\/?author=2"}]}},"_links":{"self":[{"href":"https:\/\/www.asebier.org\/index.php?rest_route=\/wp\/v2\/posts\/1535","targetHints":{"allow":["GET"]}}],"collection":[{"href":"https:\/\/www.asebier.org\/index.php?rest_route=\/wp\/v2\/posts"}],"about":[{"href":"https:\/\/www.asebier.org\/index.php?rest_route=\/wp\/v2\/types\/post"}],"author":[{"embeddable":true,"href":"https:\/\/www.asebier.org\/index.php?rest_route=\/wp\/v2\/users\/2"}],"replies":[{"embeddable":true,"href":"https:\/\/www.asebier.org\/index.php?rest_route=%2Fwp%2Fv2%2Fcomments&post=1535"}],"version-history":[{"count":2,"href":"https:\/\/www.asebier.org\/index.php?rest_route=\/wp\/v2\/posts\/1535\/revisions"}],"predecessor-version":[{"id":1538,"href":"https:\/\/www.asebier.org\/index.php?rest_route=\/wp\/v2\/posts\/1535\/revisions\/1538"}],"wp:attachment":[{"href":"https:\/\/www.asebier.org\/index.php?rest_route=%2Fwp%2Fv2%2Fmedia&parent=1535"}],"wp:term":[{"taxonomy":"category","embeddable":true,"href":"https:\/\/www.asebier.org\/index.php?rest_route=%2Fwp%2Fv2%2Fcategories&post=1535"},{"taxonomy":"post_tag","embeddable":true,"href":"https:\/\/www.asebier.org\/index.php?rest_route=%2Fwp%2Fv2%2Ftags&post=1535"}],"curies":[{"name":"wp","href":"https:\/\/api.w.org\/{rel}","templated":true}]}}