{"id":1018,"date":"2023-11-10T15:14:46","date_gmt":"2023-11-10T15:14:46","guid":{"rendered":"https:\/\/app.asebier.org\/?p=1018"},"modified":"2023-11-13T19:33:14","modified_gmt":"2023-11-13T19:33:14","slug":"cuales-son-las-enfermedades-mas-raras-del-mundo","status":"publish","type":"post","link":"https:\/\/www.asebier.org\/?p=1018","title":{"rendered":"\u00bf Cu\u00e1les son las enfermedades m\u00e1s raras del mundo?"},"content":{"rendered":"\n<p>Cuando hablamos de enfermedades raras nos referimos a aquellos trastornos o condiciones que afectan a muy pocas personas. En la actualidad hay miles de enfermedades consideradas raras.<\/p>\n\n\n\n<p>En alguna ocasi\u00f3n te habr\u00e1s preguntado cu\u00e1les son las enfermedades m\u00e1s raras del mundo, en qu\u00e9 consisten, si pueden tratarse y si tienen cura.<\/p>\n\n\n<div class=\"wp-block-image\">\n<figure class=\"aligncenter size-large is-resized\"><img fetchpriority=\"high\" decoding=\"async\" width=\"1024\" height=\"576\" src=\"https:\/\/app.asebier.org\/wp-content\/uploads\/2023\/11\/eyes-2344284_1280-1024x576.jpg\" alt=\"\" class=\"wp-image-1020\" style=\"width:519px;height:auto\" srcset=\"https:\/\/www.asebier.org\/wp-content\/uploads\/2023\/11\/eyes-2344284_1280-1024x576.jpg 1024w, https:\/\/www.asebier.org\/wp-content\/uploads\/2023\/11\/eyes-2344284_1280-300x169.jpg 300w, https:\/\/www.asebier.org\/wp-content\/uploads\/2023\/11\/eyes-2344284_1280-768x432.jpg 768w, https:\/\/www.asebier.org\/wp-content\/uploads\/2023\/11\/eyes-2344284_1280.jpg 1280w\" sizes=\"(max-width: 1024px) 100vw, 1024px\" \/><\/figure>\n<\/div>\n\n\n<p>En el mundo de la medicina, se han ido  descubriendo nuevos trastornos, condiciones afecciones y enfermedades que hasta ahora eran desconocidas para los investigadores y m\u00e9dicos. <\/p>\n\n\n\n<p><strong>En muchos casos, nos resultan tan peculiares que nos asombran e incluso a los expertos.&nbsp;<\/strong><\/p>\n\n\n\n<p><strong>1. S\u00edndrome de Stendhal<\/strong><\/p>\n\n\n\n<p>Este s\u00edndrome recibe el nombre del escritor Stendhal, que fue el primero en describirlo. Es conocido tambi\u00e9n como&nbsp;<em>s\u00edndrome de Florencia<\/em>&nbsp;o&nbsp;<em>estr\u00e9s del viajero.<\/em>&nbsp;Es considerado un trastorno psicosom\u00e1tico que<strong>&nbsp;se desarrolla cuando el individuo est\u00e1 expuesto a obras de arte<\/strong>. Especialmente cuando considera que son muy bellas o est\u00e1n expuestas un gran n\u00famero en un mismo lugar.<\/p>\n\n\n\n<p>Algunos neur\u00f3logos explican este s\u00edndrome como<strong>&nbsp;la experimentaci\u00f3n de un placer excesivo al ver obras de arte<\/strong>&nbsp;y que luego puede convertirse en un gran malestar.<\/p>\n\n\n\n<p><strong>2. Progeria<\/strong><\/p>\n\n\n\n<p>Es una enfermedad gen\u00e9tica extremadamente rara que<strong>&nbsp;provoca un envejecimiento r\u00e1pido y prematuro en los ni\u00f1os<\/strong>. Esta enfermedad tambi\u00e9n se conoce como s\u00edndrome de Hutchinson-Gilford (HGPS). 1 de cada 7 millones de reci\u00e9n nacidos padecen esta enfermedad.<\/p>\n\n\n\n<p>Los ni\u00f1os con <a href=\"https:\/\/www.mayoclinic.org\/es\/diseases-conditions\/progeria\/symptoms-causes\/syc-20356038#:~:text=Descripci%C3%B3n%20general,primeros%20dos%20a%C3%B1os%20de%20vida.\" target=\"_blank\" rel=\"noreferrer noopener\"><mark style=\"background-color:rgba(0, 0, 0, 0)\" class=\"has-inline-color has-neve-link-hover-color-color\"><strong>progeria\u00a0<\/strong><\/mark><\/a><strong>no presentan caracter\u00edsticas especiales al nacer<\/strong>. Los s\u00edntomas comienzan a aparecer a partir del primer a\u00f1o de vida.<\/p>\n\n\n\n<p>La esperanza media de vida de los ni\u00f1os con progeria es de 13 a\u00f1os aunque existen casos en los que han llegado a vivir hasta 20 a\u00f1os.<strong> La causa final de muerte en estos ni\u00f1os son los problemas de coraz\u00f3n&nbsp;<\/strong>y los derrames cerebrales.<\/p>\n\n\n\n<p><strong>3. S\u00edndrome de Marfan<\/strong><\/p>\n\n\n\n<p>El s\u00edndrome de Marfan es una de las enfermedades m\u00e1s raras del mundo, un<strong>&nbsp;trastorno poco com\u00fan del tejido conectivo&nbsp;<\/strong>. Esta enfermedad afecta a un gran n\u00famero de tejidos entre los que se encuentran los pulmones, esqueleto, &nbsp;los ojos y el coraz\u00f3n.<\/p>\n\n\n\n<p>Se cree que\u00a0<a href=\"https:\/\/www.elsevier.es\/es-revista-atencion-primaria-27-articulo-sindrome-marfan-S0212656709001942\" target=\"_blank\" rel=\"noreferrer noopener\"><strong><mark style=\"background-color:rgba(0, 0, 0, 0)\" class=\"has-inline-color has-neve-link-hover-color-color\">este s\u00edndrome afecta a 1 de cada 5000 personas<\/mark><\/strong><\/a>, y\u00a0<strong>se caracteriza por un aumento excesivo en la longitud de las extremidades<\/strong>. Como consecuencia de crecimiento excesivo, en muchos casos se crean deformaciones de los mismos.<\/p>\n\n\n\n<p>Al contrario que otras enfermedades gen\u00e9ticas,&nbsp;<strong>el s\u00edndrome de Marfan no afecta a la inteligencia<\/strong>.<\/p>\n\n\n\n<p><strong>4. S\u00edndrome de Rapunzel, una de las enfermedades m\u00e1s raras del mundo<\/strong><\/p>\n\n\n\n<p>La tricotiloman\u00eda consiste en la ingesta del cabello o vello corporal. Entre todas las enfermedades raras conocidas en el mundo, una de las m\u00e1s conocidas es el llamado<em>&nbsp;s\u00edndrome de Rapunzel.<\/em>&nbsp;Recibe su nombre de&nbsp;personaje&nbsp;femenino de la literatura infantil y se trata de una&nbsp;<strong>condici\u00f3n intestinal que se manifiesta como consecuencia de la tricofagia,<\/strong>&nbsp;un trastorno psicol\u00f3gico que consiste en ingesta compulsiva del propio cabello.<\/p>\n\n\n\n<p>Como el cuerpo humano no es capaz de digerir el pelo,\u00a0<strong>se forma en el tracto intestinal un tricobezoar; es decir, una acumulaci\u00f3n de pelo<\/strong>. El\u00a0<a href=\"https:\/\/www.analesdepediatria.org\/es-sindrome-rapunzel-tratamiento-laparoscopico-articulo-S1695403313001653\" target=\"_blank\" rel=\"noreferrer noopener\"><strong><mark style=\"background-color:rgba(0, 0, 0, 0)\" class=\"has-inline-color has-neve-link-hover-color-color\">s\u00edndrome de Rapunzel<\/mark><\/strong><\/a>\u00a0generalmente se relaciona con la tricotiloman\u00eda el h\u00e1bito recurrente e irresistible de arrancarse el propio cabello.<\/p>\n\n\n\n<p><strong>5. Argiria<\/strong><\/p>\n\n\n\n<p>La\u00a0<a href=\"https:\/\/www.orpha.net\/consor\/cgi-bin\/OC_Exp.php?Expert=60014&amp;lng=ES\" target=\"_blank\" rel=\"noreferrer noopener\"><strong><mark style=\"background-color:rgba(0, 0, 0, 0)\" class=\"has-inline-color has-neve-link-hover-color-color\">argiria<\/mark><\/strong><\/a>, tambi\u00e9n conocida como la enfermedad de los pitufos, es una<strong>\u00a0enfermedad producida por una exposici\u00f3n prolongada a la plata\u00a0<\/strong>en forma de sales o de metal. Se caracteriza porque la piel y algunos \u00f3rganos del paciente se ti\u00f1en de gris o de azul. <\/p>\n\n\n\n<p>La causa de esta enfermedad<strong>&nbsp;puede ser debida a una exposici\u00f3n industrial a este metal&nbsp;<\/strong>o a la ingesta de medicamentos con sales de plata. Adem\u00e1s, tambi\u00e9n se ha relacionado con procedimientos quir\u00fargicos y dentales &nbsp;como la realizaci\u00f3n de tatuajes.<\/p>\n\n\n\n<p><strong>6. Urticaria acuag\u00e9nica<\/strong><\/p>\n\n\n\n<p>En la lista de las enfermedades m\u00e1s raras del mundo se incluye la<strong>\u00a0<a href=\"https:\/\/rarediseases.info.nih.gov\/espanol\/13054\/urticaria-acuagenica\" target=\"_blank\" rel=\"noreferrer noopener\"><mark style=\"background-color:rgba(0, 0, 0, 0)\" class=\"has-inline-color has-neve-link-hover-color-color\">urticaria acuag\u00e9nica<\/mark><\/a><mark style=\"background-color:rgba(0, 0, 0, 0)\" class=\"has-inline-color has-neve-link-hover-color-color\">.<\/mark> Tambi\u00e9n es conocida como\u00a0<em>alergia al agua<\/em><\/strong>\u00a0y se produce como consecuencia del contacto de la piel con el agua, sin importar a qu\u00e9 temperatura est\u00e9. El contacto provocar\u00eda a nivel local una erupci\u00f3n en la piel.<\/p>\n\n\n\n<p>La mayor\u00eda de las veces, son&nbsp;<strong>las mujeres durante la pubertad quienes padecen esta rara enfermedad que, adem\u00e1s, es cr\u00f3nica.&nbsp;<\/strong><\/p>\n\n\n\n<p>\u00bfConoc\u00edas alguna de las enfermedades m\u00e1s raras del mundo?<\/p>\n","protected":false},"excerpt":{"rendered":"<p>Cuando hablamos de enfermedades raras nos referimos a aquellos trastornos o condiciones que afectan a muy pocas personas. En la actualidad hay miles de enfermedades consideradas raras. En alguna ocasi\u00f3n&hellip;&nbsp;<a href=\"https:\/\/www.asebier.org\/?p=1018\" class=\"\" rel=\"bookmark\">Leer m\u00e1s &raquo;<span class=\"screen-reader-text\">\u00bf Cu\u00e1les son las enfermedades m\u00e1s raras del mundo?<\/span><\/a><\/p>\n","protected":false},"author":2,"featured_media":0,"comment_status":"open","ping_status":"closed","sticky":false,"template":"","format":"standard","meta":{"neve_meta_sidebar":"","neve_meta_container":"","neve_meta_enable_content_width":"","neve_meta_content_width":0,"neve_meta_title_alignment":"","neve_meta_author_avatar":"","neve_post_elements_order":"","neve_meta_disable_header":"","neve_meta_disable_footer":"","neve_meta_disable_title":"","footnotes":""},"categories":[1],"tags":[],"class_list":["post-1018","post","type-post","status-publish","format-standard","hentry","category-uncategorized"],"yoast_head":"<!-- This site is optimized with the Yoast SEO plugin v27.5 - https:\/\/yoast.com\/product\/yoast-seo-wordpress\/ -->\n<title>\u00bf Cu\u00e1les son las enfermedades m\u00e1s raras del mundo? - ASEBIER<\/title>\n<meta name=\"robots\" content=\"index, follow, max-snippet:-1, max-image-preview:large, max-video-preview:-1\" \/>\n<link rel=\"canonical\" href=\"https:\/\/www.asebier.org\/?p=1018\" \/>\n<meta property=\"og:locale\" content=\"es_ES\" \/>\n<meta property=\"og:type\" content=\"article\" \/>\n<meta property=\"og:title\" content=\"\u00bf Cu\u00e1les son las enfermedades m\u00e1s raras del mundo? - ASEBIER\" \/>\n<meta property=\"og:description\" content=\"Cuando hablamos de enfermedades raras nos referimos a aquellos trastornos o condiciones que afectan a muy pocas personas. En la actualidad hay miles de enfermedades consideradas raras. En alguna ocasi\u00f3n&hellip;&nbsp;Leer m\u00e1s &raquo;\u00bf Cu\u00e1les son las enfermedades m\u00e1s raras del mundo?\" \/>\n<meta property=\"og:url\" content=\"https:\/\/www.asebier.org\/?p=1018\" \/>\n<meta property=\"og:site_name\" content=\"ASEBIER\" \/>\n<meta property=\"article:published_time\" content=\"2023-11-10T15:14:46+00:00\" \/>\n<meta property=\"article:modified_time\" content=\"2023-11-13T19:33:14+00:00\" \/>\n<meta property=\"og:image\" content=\"https:\/\/app.asebier.org\/wp-content\/uploads\/2023\/11\/eyes-2344284_1280-1024x576.jpg\" \/>\n<meta name=\"author\" content=\"Asebier\" \/>\n<meta name=\"twitter:card\" content=\"summary_large_image\" \/>\n<meta name=\"twitter:label1\" content=\"Escrito por\" \/>\n\t<meta name=\"twitter:data1\" content=\"Asebier\" \/>\n\t<meta name=\"twitter:label2\" content=\"Tiempo de lectura\" \/>\n\t<meta name=\"twitter:data2\" content=\"4 minutos\" \/>\n<script type=\"application\/ld+json\" class=\"yoast-schema-graph\">{\"@context\":\"https:\\\/\\\/schema.org\",\"@graph\":[{\"@type\":\"Article\",\"@id\":\"https:\\\/\\\/www.asebier.org\\\/?p=1018#article\",\"isPartOf\":{\"@id\":\"https:\\\/\\\/www.asebier.org\\\/?p=1018\"},\"author\":{\"name\":\"Asebier\",\"@id\":\"https:\\\/\\\/www.asebier.org\\\/#\\\/schema\\\/person\\\/11058a0903ea58288614bf2335d20d21\"},\"headline\":\"\u00bf Cu\u00e1les son las enfermedades m\u00e1s raras del mundo?\",\"datePublished\":\"2023-11-10T15:14:46+00:00\",\"dateModified\":\"2023-11-13T19:33:14+00:00\",\"mainEntityOfPage\":{\"@id\":\"https:\\\/\\\/www.asebier.org\\\/?p=1018\"},\"wordCount\":774,\"commentCount\":0,\"publisher\":{\"@id\":\"https:\\\/\\\/www.asebier.org\\\/#organization\"},\"image\":{\"@id\":\"https:\\\/\\\/www.asebier.org\\\/?p=1018#primaryimage\"},\"thumbnailUrl\":\"https:\\\/\\\/app.asebier.org\\\/wp-content\\\/uploads\\\/2023\\\/11\\\/eyes-2344284_1280-1024x576.jpg\",\"articleSection\":[\"Uncategorized\"],\"inLanguage\":\"es\",\"potentialAction\":[{\"@type\":\"CommentAction\",\"name\":\"Comment\",\"target\":[\"https:\\\/\\\/www.asebier.org\\\/?p=1018#respond\"]}]},{\"@type\":\"WebPage\",\"@id\":\"https:\\\/\\\/www.asebier.org\\\/?p=1018\",\"url\":\"https:\\\/\\\/www.asebier.org\\\/?p=1018\",\"name\":\"\u00bf Cu\u00e1les son las enfermedades m\u00e1s raras del mundo? - ASEBIER\",\"isPartOf\":{\"@id\":\"https:\\\/\\\/www.asebier.org\\\/#website\"},\"primaryImageOfPage\":{\"@id\":\"https:\\\/\\\/www.asebier.org\\\/?p=1018#primaryimage\"},\"image\":{\"@id\":\"https:\\\/\\\/www.asebier.org\\\/?p=1018#primaryimage\"},\"thumbnailUrl\":\"https:\\\/\\\/app.asebier.org\\\/wp-content\\\/uploads\\\/2023\\\/11\\\/eyes-2344284_1280-1024x576.jpg\",\"datePublished\":\"2023-11-10T15:14:46+00:00\",\"dateModified\":\"2023-11-13T19:33:14+00:00\",\"breadcrumb\":{\"@id\":\"https:\\\/\\\/www.asebier.org\\\/?p=1018#breadcrumb\"},\"inLanguage\":\"es\",\"potentialAction\":[{\"@type\":\"ReadAction\",\"target\":[\"https:\\\/\\\/www.asebier.org\\\/?p=1018\"]}]},{\"@type\":\"ImageObject\",\"inLanguage\":\"es\",\"@id\":\"https:\\\/\\\/www.asebier.org\\\/?p=1018#primaryimage\",\"url\":\"https:\\\/\\\/app.asebier.org\\\/wp-content\\\/uploads\\\/2023\\\/11\\\/eyes-2344284_1280-1024x576.jpg\",\"contentUrl\":\"https:\\\/\\\/app.asebier.org\\\/wp-content\\\/uploads\\\/2023\\\/11\\\/eyes-2344284_1280-1024x576.jpg\"},{\"@type\":\"BreadcrumbList\",\"@id\":\"https:\\\/\\\/www.asebier.org\\\/?p=1018#breadcrumb\",\"itemListElement\":[{\"@type\":\"ListItem\",\"position\":1,\"name\":\"Portada\",\"item\":\"https:\\\/\\\/www.asebier.org\\\/\"},{\"@type\":\"ListItem\",\"position\":2,\"name\":\"\u00bf Cu\u00e1les son las enfermedades m\u00e1s raras del mundo?\"}]},{\"@type\":\"WebSite\",\"@id\":\"https:\\\/\\\/www.asebier.org\\\/#website\",\"url\":\"https:\\\/\\\/www.asebier.org\\\/\",\"name\":\"ASEBIER\",\"description\":\"Asociaci\u00f3n Euskadi Elkartea Enfermedades Raras EBH\",\"publisher\":{\"@id\":\"https:\\\/\\\/www.asebier.org\\\/#organization\"},\"potentialAction\":[{\"@type\":\"SearchAction\",\"target\":{\"@type\":\"EntryPoint\",\"urlTemplate\":\"https:\\\/\\\/www.asebier.org\\\/?s={search_term_string}\"},\"query-input\":{\"@type\":\"PropertyValueSpecification\",\"valueRequired\":true,\"valueName\":\"search_term_string\"}}],\"inLanguage\":\"es\"},{\"@type\":\"Organization\",\"@id\":\"https:\\\/\\\/www.asebier.org\\\/#organization\",\"name\":\"ASEBIER\",\"url\":\"https:\\\/\\\/www.asebier.org\\\/\",\"logo\":{\"@type\":\"ImageObject\",\"inLanguage\":\"es\",\"@id\":\"https:\\\/\\\/www.asebier.org\\\/#\\\/schema\\\/logo\\\/image\\\/\",\"url\":\"https:\\\/\\\/www.asebier.org\\\/wp-content\\\/uploads\\\/2023\\\/11\\\/logo_asebier.png\",\"contentUrl\":\"https:\\\/\\\/www.asebier.org\\\/wp-content\\\/uploads\\\/2023\\\/11\\\/logo_asebier.png\",\"width\":595,\"height\":420,\"caption\":\"ASEBIER\"},\"image\":{\"@id\":\"https:\\\/\\\/www.asebier.org\\\/#\\\/schema\\\/logo\\\/image\\\/\"}},{\"@type\":\"Person\",\"@id\":\"https:\\\/\\\/www.asebier.org\\\/#\\\/schema\\\/person\\\/11058a0903ea58288614bf2335d20d21\",\"name\":\"Asebier\",\"image\":{\"@type\":\"ImageObject\",\"inLanguage\":\"es\",\"@id\":\"https:\\\/\\\/secure.gravatar.com\\\/avatar\\\/bc272ffafacc0541c205fc3aaeaf62b2c2fa37e14be82248f72a31fb74d663a8?s=96&d=mm&r=g\",\"url\":\"https:\\\/\\\/secure.gravatar.com\\\/avatar\\\/bc272ffafacc0541c205fc3aaeaf62b2c2fa37e14be82248f72a31fb74d663a8?s=96&d=mm&r=g\",\"contentUrl\":\"https:\\\/\\\/secure.gravatar.com\\\/avatar\\\/bc272ffafacc0541c205fc3aaeaf62b2c2fa37e14be82248f72a31fb74d663a8?s=96&d=mm&r=g\",\"caption\":\"Asebier\"},\"url\":\"https:\\\/\\\/www.asebier.org\\\/?author=2\"}]}<\/script>\n<!-- \/ Yoast SEO plugin. -->","yoast_head_json":{"title":"\u00bf Cu\u00e1les son las enfermedades m\u00e1s raras del mundo? - ASEBIER","robots":{"index":"index","follow":"follow","max-snippet":"max-snippet:-1","max-image-preview":"max-image-preview:large","max-video-preview":"max-video-preview:-1"},"canonical":"https:\/\/www.asebier.org\/?p=1018","og_locale":"es_ES","og_type":"article","og_title":"\u00bf Cu\u00e1les son las enfermedades m\u00e1s raras del mundo? - ASEBIER","og_description":"Cuando hablamos de enfermedades raras nos referimos a aquellos trastornos o condiciones que afectan a muy pocas personas. En la actualidad hay miles de enfermedades consideradas raras. En alguna ocasi\u00f3n&hellip;&nbsp;Leer m\u00e1s &raquo;\u00bf Cu\u00e1les son las enfermedades m\u00e1s raras del mundo?","og_url":"https:\/\/www.asebier.org\/?p=1018","og_site_name":"ASEBIER","article_published_time":"2023-11-10T15:14:46+00:00","article_modified_time":"2023-11-13T19:33:14+00:00","og_image":[{"url":"https:\/\/app.asebier.org\/wp-content\/uploads\/2023\/11\/eyes-2344284_1280-1024x576.jpg","type":"","width":"","height":""}],"author":"Asebier","twitter_card":"summary_large_image","twitter_misc":{"Escrito por":"Asebier","Tiempo de lectura":"4 minutos"},"schema":{"@context":"https:\/\/schema.org","@graph":[{"@type":"Article","@id":"https:\/\/www.asebier.org\/?p=1018#article","isPartOf":{"@id":"https:\/\/www.asebier.org\/?p=1018"},"author":{"name":"Asebier","@id":"https:\/\/www.asebier.org\/#\/schema\/person\/11058a0903ea58288614bf2335d20d21"},"headline":"\u00bf Cu\u00e1les son las enfermedades m\u00e1s raras del mundo?","datePublished":"2023-11-10T15:14:46+00:00","dateModified":"2023-11-13T19:33:14+00:00","mainEntityOfPage":{"@id":"https:\/\/www.asebier.org\/?p=1018"},"wordCount":774,"commentCount":0,"publisher":{"@id":"https:\/\/www.asebier.org\/#organization"},"image":{"@id":"https:\/\/www.asebier.org\/?p=1018#primaryimage"},"thumbnailUrl":"https:\/\/app.asebier.org\/wp-content\/uploads\/2023\/11\/eyes-2344284_1280-1024x576.jpg","articleSection":["Uncategorized"],"inLanguage":"es","potentialAction":[{"@type":"CommentAction","name":"Comment","target":["https:\/\/www.asebier.org\/?p=1018#respond"]}]},{"@type":"WebPage","@id":"https:\/\/www.asebier.org\/?p=1018","url":"https:\/\/www.asebier.org\/?p=1018","name":"\u00bf Cu\u00e1les son las enfermedades m\u00e1s raras del mundo? - ASEBIER","isPartOf":{"@id":"https:\/\/www.asebier.org\/#website"},"primaryImageOfPage":{"@id":"https:\/\/www.asebier.org\/?p=1018#primaryimage"},"image":{"@id":"https:\/\/www.asebier.org\/?p=1018#primaryimage"},"thumbnailUrl":"https:\/\/app.asebier.org\/wp-content\/uploads\/2023\/11\/eyes-2344284_1280-1024x576.jpg","datePublished":"2023-11-10T15:14:46+00:00","dateModified":"2023-11-13T19:33:14+00:00","breadcrumb":{"@id":"https:\/\/www.asebier.org\/?p=1018#breadcrumb"},"inLanguage":"es","potentialAction":[{"@type":"ReadAction","target":["https:\/\/www.asebier.org\/?p=1018"]}]},{"@type":"ImageObject","inLanguage":"es","@id":"https:\/\/www.asebier.org\/?p=1018#primaryimage","url":"https:\/\/app.asebier.org\/wp-content\/uploads\/2023\/11\/eyes-2344284_1280-1024x576.jpg","contentUrl":"https:\/\/app.asebier.org\/wp-content\/uploads\/2023\/11\/eyes-2344284_1280-1024x576.jpg"},{"@type":"BreadcrumbList","@id":"https:\/\/www.asebier.org\/?p=1018#breadcrumb","itemListElement":[{"@type":"ListItem","position":1,"name":"Portada","item":"https:\/\/www.asebier.org\/"},{"@type":"ListItem","position":2,"name":"\u00bf Cu\u00e1les son las enfermedades m\u00e1s raras del mundo?"}]},{"@type":"WebSite","@id":"https:\/\/www.asebier.org\/#website","url":"https:\/\/www.asebier.org\/","name":"ASEBIER","description":"Asociaci\u00f3n Euskadi Elkartea Enfermedades Raras EBH","publisher":{"@id":"https:\/\/www.asebier.org\/#organization"},"potentialAction":[{"@type":"SearchAction","target":{"@type":"EntryPoint","urlTemplate":"https:\/\/www.asebier.org\/?s={search_term_string}"},"query-input":{"@type":"PropertyValueSpecification","valueRequired":true,"valueName":"search_term_string"}}],"inLanguage":"es"},{"@type":"Organization","@id":"https:\/\/www.asebier.org\/#organization","name":"ASEBIER","url":"https:\/\/www.asebier.org\/","logo":{"@type":"ImageObject","inLanguage":"es","@id":"https:\/\/www.asebier.org\/#\/schema\/logo\/image\/","url":"https:\/\/www.asebier.org\/wp-content\/uploads\/2023\/11\/logo_asebier.png","contentUrl":"https:\/\/www.asebier.org\/wp-content\/uploads\/2023\/11\/logo_asebier.png","width":595,"height":420,"caption":"ASEBIER"},"image":{"@id":"https:\/\/www.asebier.org\/#\/schema\/logo\/image\/"}},{"@type":"Person","@id":"https:\/\/www.asebier.org\/#\/schema\/person\/11058a0903ea58288614bf2335d20d21","name":"Asebier","image":{"@type":"ImageObject","inLanguage":"es","@id":"https:\/\/secure.gravatar.com\/avatar\/bc272ffafacc0541c205fc3aaeaf62b2c2fa37e14be82248f72a31fb74d663a8?s=96&d=mm&r=g","url":"https:\/\/secure.gravatar.com\/avatar\/bc272ffafacc0541c205fc3aaeaf62b2c2fa37e14be82248f72a31fb74d663a8?s=96&d=mm&r=g","contentUrl":"https:\/\/secure.gravatar.com\/avatar\/bc272ffafacc0541c205fc3aaeaf62b2c2fa37e14be82248f72a31fb74d663a8?s=96&d=mm&r=g","caption":"Asebier"},"url":"https:\/\/www.asebier.org\/?author=2"}]}},"_links":{"self":[{"href":"https:\/\/www.asebier.org\/index.php?rest_route=\/wp\/v2\/posts\/1018","targetHints":{"allow":["GET"]}}],"collection":[{"href":"https:\/\/www.asebier.org\/index.php?rest_route=\/wp\/v2\/posts"}],"about":[{"href":"https:\/\/www.asebier.org\/index.php?rest_route=\/wp\/v2\/types\/post"}],"author":[{"embeddable":true,"href":"https:\/\/www.asebier.org\/index.php?rest_route=\/wp\/v2\/users\/2"}],"replies":[{"embeddable":true,"href":"https:\/\/www.asebier.org\/index.php?rest_route=%2Fwp%2Fv2%2Fcomments&post=1018"}],"version-history":[{"count":2,"href":"https:\/\/www.asebier.org\/index.php?rest_route=\/wp\/v2\/posts\/1018\/revisions"}],"predecessor-version":[{"id":1197,"href":"https:\/\/www.asebier.org\/index.php?rest_route=\/wp\/v2\/posts\/1018\/revisions\/1197"}],"wp:attachment":[{"href":"https:\/\/www.asebier.org\/index.php?rest_route=%2Fwp%2Fv2%2Fmedia&parent=1018"}],"wp:term":[{"taxonomy":"category","embeddable":true,"href":"https:\/\/www.asebier.org\/index.php?rest_route=%2Fwp%2Fv2%2Fcategories&post=1018"},{"taxonomy":"post_tag","embeddable":true,"href":"https:\/\/www.asebier.org\/index.php?rest_route=%2Fwp%2Fv2%2Ftags&post=1018"}],"curies":[{"name":"wp","href":"https:\/\/api.w.org\/{rel}","templated":true}]}}