{"id":1011,"date":"2023-11-10T13:53:06","date_gmt":"2023-11-10T13:53:06","guid":{"rendered":"https:\/\/app.asebier.org\/?p=1011"},"modified":"2023-11-13T19:29:51","modified_gmt":"2023-11-13T19:29:51","slug":"que-son-las-enfermedades-raras","status":"publish","type":"post","link":"https:\/\/www.asebier.org\/?p=1011","title":{"rendered":"\u00bfQu\u00e9 son las enfermedades Raras?"},"content":{"rendered":"\n<p><br>Las Enfermedades Raras (ER) son aquellas que tienen una baja prevalencia en la poblaci\u00f3n, o lo que es lo mismo, que afectan a un peque\u00f1o n\u00famero de personas o a una proporci\u00f3n reducida de las mismas.<\/p>\n\n\n<div class=\"wp-block-image\">\n<figure class=\"alignright size-full is-resized\"><img fetchpriority=\"high\" decoding=\"async\" width=\"960\" height=\"540\" src=\"https:\/\/app.asebier.org\/wp-content\/uploads\/2023\/10\/ENFERMEDADES-RARAS-EN-DATOS.png\" alt=\"Enfermedades Raras\" class=\"wp-image-72\" style=\"width:519px;height:auto\" srcset=\"https:\/\/www.asebier.org\/wp-content\/uploads\/2023\/10\/ENFERMEDADES-RARAS-EN-DATOS.png 960w, https:\/\/www.asebier.org\/wp-content\/uploads\/2023\/10\/ENFERMEDADES-RARAS-EN-DATOS-300x169.png 300w, https:\/\/www.asebier.org\/wp-content\/uploads\/2023\/10\/ENFERMEDADES-RARAS-EN-DATOS-768x432.png 768w\" sizes=\"(max-width: 960px) 100vw, 960px\" \/><\/figure>\n<\/div>\n\n\n<p>Seg\u00fan la Organizaci\u00f3n Mundial de la Salud (OMS) existen cerca de\u00a0<strong>7.000 enfermedades raras<\/strong>\u00a0(6.172 enfermedades raras identificadas en\u00a0<a href=\"https:\/\/www.orpha.net\/consor\/cgi-bin\/index.php?lng=ES\" target=\"_blank\" rel=\"noreferrer noopener\"><em><mark style=\"background-color:rgba(0, 0, 0, 0)\" class=\"has-inline-color has-nv-dark-bg-color\"><strong>Orphanet<\/strong><\/mark><\/em><\/a><em>)<\/em>\u00a0que afectan al\u00a0<strong>7%<\/strong>\u00a0de la poblaci\u00f3n mundial. Esto significa\u00a0<strong>3 millones de espa\u00f1oles, 30 millones de europeos y 300 millones de personas en el Mundo.<\/strong><\/p>\n\n\n\n<p>Las personas afectadas conviven con alguna enfermedad de car\u00e1cter&nbsp;<strong>gen\u00e9tico, cr\u00f3nico y degenerativo<\/strong>, enfermedades que, adem\u00e1s, aparecen durante la infancia y que conllevan una gran p\u00e9rdida de autonom\u00eda, afectando as\u00ed a la calidad de vida de sus familiares y su entorno.<\/p>\n\n\n\n<p><\/p>\n","protected":false},"excerpt":{"rendered":"<p>Las Enfermedades Raras (ER) son aquellas que tienen una baja prevalencia en la poblaci\u00f3n, o lo que es lo mismo, que afectan a un peque\u00f1o n\u00famero de personas o a&hellip;&nbsp;<a href=\"https:\/\/www.asebier.org\/?p=1011\" class=\"\" rel=\"bookmark\">Leer m\u00e1s &raquo;<span class=\"screen-reader-text\">\u00bfQu\u00e9 son las enfermedades Raras?<\/span><\/a><\/p>\n","protected":false},"author":2,"featured_media":0,"comment_status":"open","ping_status":"closed","sticky":false,"template":"","format":"standard","meta":{"neve_meta_sidebar":"default","neve_meta_container":"default","neve_meta_enable_content_width":"","neve_meta_content_width":70,"neve_meta_title_alignment":"","neve_meta_author_avatar":"","neve_post_elements_order":"[\"content\",\"tags\",\"comments\"]","neve_meta_disable_header":"","neve_meta_disable_footer":"","neve_meta_disable_title":"","footnotes":""},"categories":[1],"tags":[7],"class_list":["post-1011","post","type-post","status-publish","format-standard","hentry","category-uncategorized","tag-blog"],"yoast_head":"<!-- This site is optimized with the Yoast SEO plugin v27.5 - https:\/\/yoast.com\/product\/yoast-seo-wordpress\/ -->\n<title>\u00bfQu\u00e9 son las enfermedades Raras? - ASEBIER<\/title>\n<meta name=\"robots\" content=\"index, follow, max-snippet:-1, max-image-preview:large, max-video-preview:-1\" \/>\n<link rel=\"canonical\" href=\"https:\/\/www.asebier.org\/?p=1011\" \/>\n<meta property=\"og:locale\" content=\"es_ES\" \/>\n<meta property=\"og:type\" content=\"article\" \/>\n<meta property=\"og:title\" content=\"\u00bfQu\u00e9 son las enfermedades Raras? - ASEBIER\" \/>\n<meta property=\"og:description\" content=\"Las Enfermedades Raras (ER) son aquellas que tienen una baja prevalencia en la poblaci\u00f3n, o lo que es lo mismo, que afectan a un peque\u00f1o n\u00famero de personas o a&hellip;&nbsp;Leer m\u00e1s &raquo;\u00bfQu\u00e9 son las enfermedades Raras?\" \/>\n<meta property=\"og:url\" content=\"https:\/\/www.asebier.org\/?p=1011\" \/>\n<meta property=\"og:site_name\" content=\"ASEBIER\" \/>\n<meta property=\"article:published_time\" content=\"2023-11-10T13:53:06+00:00\" \/>\n<meta property=\"article:modified_time\" content=\"2023-11-13T19:29:51+00:00\" \/>\n<meta property=\"og:image\" content=\"https:\/\/app.asebier.org\/wp-content\/uploads\/2023\/10\/ENFERMEDADES-RARAS-EN-DATOS.png\" \/>\n<meta name=\"author\" content=\"Asebier\" \/>\n<meta name=\"twitter:card\" content=\"summary_large_image\" \/>\n<meta name=\"twitter:label1\" content=\"Escrito por\" \/>\n\t<meta name=\"twitter:data1\" content=\"Asebier\" \/>\n\t<meta name=\"twitter:label2\" content=\"Tiempo de lectura\" \/>\n\t<meta name=\"twitter:data2\" content=\"1 minuto\" \/>\n<script type=\"application\/ld+json\" class=\"yoast-schema-graph\">{\"@context\":\"https:\\\/\\\/schema.org\",\"@graph\":[{\"@type\":\"Article\",\"@id\":\"https:\\\/\\\/www.asebier.org\\\/?p=1011#article\",\"isPartOf\":{\"@id\":\"https:\\\/\\\/www.asebier.org\\\/?p=1011\"},\"author\":{\"name\":\"Asebier\",\"@id\":\"https:\\\/\\\/www.asebier.org\\\/#\\\/schema\\\/person\\\/11058a0903ea58288614bf2335d20d21\"},\"headline\":\"\u00bfQu\u00e9 son las enfermedades Raras?\",\"datePublished\":\"2023-11-10T13:53:06+00:00\",\"dateModified\":\"2023-11-13T19:29:51+00:00\",\"mainEntityOfPage\":{\"@id\":\"https:\\\/\\\/www.asebier.org\\\/?p=1011\"},\"wordCount\":137,\"commentCount\":0,\"publisher\":{\"@id\":\"https:\\\/\\\/www.asebier.org\\\/#organization\"},\"image\":{\"@id\":\"https:\\\/\\\/www.asebier.org\\\/?p=1011#primaryimage\"},\"thumbnailUrl\":\"https:\\\/\\\/app.asebier.org\\\/wp-content\\\/uploads\\\/2023\\\/10\\\/ENFERMEDADES-RARAS-EN-DATOS.png\",\"keywords\":[\"BLOG\"],\"articleSection\":[\"Uncategorized\"],\"inLanguage\":\"es\",\"potentialAction\":[{\"@type\":\"CommentAction\",\"name\":\"Comment\",\"target\":[\"https:\\\/\\\/www.asebier.org\\\/?p=1011#respond\"]}]},{\"@type\":\"WebPage\",\"@id\":\"https:\\\/\\\/www.asebier.org\\\/?p=1011\",\"url\":\"https:\\\/\\\/www.asebier.org\\\/?p=1011\",\"name\":\"\u00bfQu\u00e9 son las enfermedades Raras? - ASEBIER\",\"isPartOf\":{\"@id\":\"https:\\\/\\\/www.asebier.org\\\/#website\"},\"primaryImageOfPage\":{\"@id\":\"https:\\\/\\\/www.asebier.org\\\/?p=1011#primaryimage\"},\"image\":{\"@id\":\"https:\\\/\\\/www.asebier.org\\\/?p=1011#primaryimage\"},\"thumbnailUrl\":\"https:\\\/\\\/app.asebier.org\\\/wp-content\\\/uploads\\\/2023\\\/10\\\/ENFERMEDADES-RARAS-EN-DATOS.png\",\"datePublished\":\"2023-11-10T13:53:06+00:00\",\"dateModified\":\"2023-11-13T19:29:51+00:00\",\"breadcrumb\":{\"@id\":\"https:\\\/\\\/www.asebier.org\\\/?p=1011#breadcrumb\"},\"inLanguage\":\"es\",\"potentialAction\":[{\"@type\":\"ReadAction\",\"target\":[\"https:\\\/\\\/www.asebier.org\\\/?p=1011\"]}]},{\"@type\":\"ImageObject\",\"inLanguage\":\"es\",\"@id\":\"https:\\\/\\\/www.asebier.org\\\/?p=1011#primaryimage\",\"url\":\"https:\\\/\\\/app.asebier.org\\\/wp-content\\\/uploads\\\/2023\\\/10\\\/ENFERMEDADES-RARAS-EN-DATOS.png\",\"contentUrl\":\"https:\\\/\\\/app.asebier.org\\\/wp-content\\\/uploads\\\/2023\\\/10\\\/ENFERMEDADES-RARAS-EN-DATOS.png\"},{\"@type\":\"BreadcrumbList\",\"@id\":\"https:\\\/\\\/www.asebier.org\\\/?p=1011#breadcrumb\",\"itemListElement\":[{\"@type\":\"ListItem\",\"position\":1,\"name\":\"Portada\",\"item\":\"https:\\\/\\\/www.asebier.org\\\/\"},{\"@type\":\"ListItem\",\"position\":2,\"name\":\"\u00bfQu\u00e9 son las enfermedades Raras?\"}]},{\"@type\":\"WebSite\",\"@id\":\"https:\\\/\\\/www.asebier.org\\\/#website\",\"url\":\"https:\\\/\\\/www.asebier.org\\\/\",\"name\":\"ASEBIER\",\"description\":\"Asociaci\u00f3n Euskadi Elkartea Enfermedades Raras EBH\",\"publisher\":{\"@id\":\"https:\\\/\\\/www.asebier.org\\\/#organization\"},\"potentialAction\":[{\"@type\":\"SearchAction\",\"target\":{\"@type\":\"EntryPoint\",\"urlTemplate\":\"https:\\\/\\\/www.asebier.org\\\/?s={search_term_string}\"},\"query-input\":{\"@type\":\"PropertyValueSpecification\",\"valueRequired\":true,\"valueName\":\"search_term_string\"}}],\"inLanguage\":\"es\"},{\"@type\":\"Organization\",\"@id\":\"https:\\\/\\\/www.asebier.org\\\/#organization\",\"name\":\"ASEBIER\",\"url\":\"https:\\\/\\\/www.asebier.org\\\/\",\"logo\":{\"@type\":\"ImageObject\",\"inLanguage\":\"es\",\"@id\":\"https:\\\/\\\/www.asebier.org\\\/#\\\/schema\\\/logo\\\/image\\\/\",\"url\":\"https:\\\/\\\/www.asebier.org\\\/wp-content\\\/uploads\\\/2023\\\/11\\\/logo_asebier.png\",\"contentUrl\":\"https:\\\/\\\/www.asebier.org\\\/wp-content\\\/uploads\\\/2023\\\/11\\\/logo_asebier.png\",\"width\":595,\"height\":420,\"caption\":\"ASEBIER\"},\"image\":{\"@id\":\"https:\\\/\\\/www.asebier.org\\\/#\\\/schema\\\/logo\\\/image\\\/\"}},{\"@type\":\"Person\",\"@id\":\"https:\\\/\\\/www.asebier.org\\\/#\\\/schema\\\/person\\\/11058a0903ea58288614bf2335d20d21\",\"name\":\"Asebier\",\"image\":{\"@type\":\"ImageObject\",\"inLanguage\":\"es\",\"@id\":\"https:\\\/\\\/secure.gravatar.com\\\/avatar\\\/bc272ffafacc0541c205fc3aaeaf62b2c2fa37e14be82248f72a31fb74d663a8?s=96&d=mm&r=g\",\"url\":\"https:\\\/\\\/secure.gravatar.com\\\/avatar\\\/bc272ffafacc0541c205fc3aaeaf62b2c2fa37e14be82248f72a31fb74d663a8?s=96&d=mm&r=g\",\"contentUrl\":\"https:\\\/\\\/secure.gravatar.com\\\/avatar\\\/bc272ffafacc0541c205fc3aaeaf62b2c2fa37e14be82248f72a31fb74d663a8?s=96&d=mm&r=g\",\"caption\":\"Asebier\"},\"url\":\"https:\\\/\\\/www.asebier.org\\\/?author=2\"}]}<\/script>\n<!-- \/ Yoast SEO plugin. -->","yoast_head_json":{"title":"\u00bfQu\u00e9 son las enfermedades Raras? - ASEBIER","robots":{"index":"index","follow":"follow","max-snippet":"max-snippet:-1","max-image-preview":"max-image-preview:large","max-video-preview":"max-video-preview:-1"},"canonical":"https:\/\/www.asebier.org\/?p=1011","og_locale":"es_ES","og_type":"article","og_title":"\u00bfQu\u00e9 son las enfermedades Raras? - ASEBIER","og_description":"Las Enfermedades Raras (ER) son aquellas que tienen una baja prevalencia en la poblaci\u00f3n, o lo que es lo mismo, que afectan a un peque\u00f1o n\u00famero de personas o a&hellip;&nbsp;Leer m\u00e1s &raquo;\u00bfQu\u00e9 son las enfermedades Raras?","og_url":"https:\/\/www.asebier.org\/?p=1011","og_site_name":"ASEBIER","article_published_time":"2023-11-10T13:53:06+00:00","article_modified_time":"2023-11-13T19:29:51+00:00","og_image":[{"url":"https:\/\/app.asebier.org\/wp-content\/uploads\/2023\/10\/ENFERMEDADES-RARAS-EN-DATOS.png","type":"","width":"","height":""}],"author":"Asebier","twitter_card":"summary_large_image","twitter_misc":{"Escrito por":"Asebier","Tiempo de lectura":"1 minuto"},"schema":{"@context":"https:\/\/schema.org","@graph":[{"@type":"Article","@id":"https:\/\/www.asebier.org\/?p=1011#article","isPartOf":{"@id":"https:\/\/www.asebier.org\/?p=1011"},"author":{"name":"Asebier","@id":"https:\/\/www.asebier.org\/#\/schema\/person\/11058a0903ea58288614bf2335d20d21"},"headline":"\u00bfQu\u00e9 son las enfermedades Raras?","datePublished":"2023-11-10T13:53:06+00:00","dateModified":"2023-11-13T19:29:51+00:00","mainEntityOfPage":{"@id":"https:\/\/www.asebier.org\/?p=1011"},"wordCount":137,"commentCount":0,"publisher":{"@id":"https:\/\/www.asebier.org\/#organization"},"image":{"@id":"https:\/\/www.asebier.org\/?p=1011#primaryimage"},"thumbnailUrl":"https:\/\/app.asebier.org\/wp-content\/uploads\/2023\/10\/ENFERMEDADES-RARAS-EN-DATOS.png","keywords":["BLOG"],"articleSection":["Uncategorized"],"inLanguage":"es","potentialAction":[{"@type":"CommentAction","name":"Comment","target":["https:\/\/www.asebier.org\/?p=1011#respond"]}]},{"@type":"WebPage","@id":"https:\/\/www.asebier.org\/?p=1011","url":"https:\/\/www.asebier.org\/?p=1011","name":"\u00bfQu\u00e9 son las enfermedades Raras? - ASEBIER","isPartOf":{"@id":"https:\/\/www.asebier.org\/#website"},"primaryImageOfPage":{"@id":"https:\/\/www.asebier.org\/?p=1011#primaryimage"},"image":{"@id":"https:\/\/www.asebier.org\/?p=1011#primaryimage"},"thumbnailUrl":"https:\/\/app.asebier.org\/wp-content\/uploads\/2023\/10\/ENFERMEDADES-RARAS-EN-DATOS.png","datePublished":"2023-11-10T13:53:06+00:00","dateModified":"2023-11-13T19:29:51+00:00","breadcrumb":{"@id":"https:\/\/www.asebier.org\/?p=1011#breadcrumb"},"inLanguage":"es","potentialAction":[{"@type":"ReadAction","target":["https:\/\/www.asebier.org\/?p=1011"]}]},{"@type":"ImageObject","inLanguage":"es","@id":"https:\/\/www.asebier.org\/?p=1011#primaryimage","url":"https:\/\/app.asebier.org\/wp-content\/uploads\/2023\/10\/ENFERMEDADES-RARAS-EN-DATOS.png","contentUrl":"https:\/\/app.asebier.org\/wp-content\/uploads\/2023\/10\/ENFERMEDADES-RARAS-EN-DATOS.png"},{"@type":"BreadcrumbList","@id":"https:\/\/www.asebier.org\/?p=1011#breadcrumb","itemListElement":[{"@type":"ListItem","position":1,"name":"Portada","item":"https:\/\/www.asebier.org\/"},{"@type":"ListItem","position":2,"name":"\u00bfQu\u00e9 son las enfermedades Raras?"}]},{"@type":"WebSite","@id":"https:\/\/www.asebier.org\/#website","url":"https:\/\/www.asebier.org\/","name":"ASEBIER","description":"Asociaci\u00f3n Euskadi Elkartea Enfermedades Raras EBH","publisher":{"@id":"https:\/\/www.asebier.org\/#organization"},"potentialAction":[{"@type":"SearchAction","target":{"@type":"EntryPoint","urlTemplate":"https:\/\/www.asebier.org\/?s={search_term_string}"},"query-input":{"@type":"PropertyValueSpecification","valueRequired":true,"valueName":"search_term_string"}}],"inLanguage":"es"},{"@type":"Organization","@id":"https:\/\/www.asebier.org\/#organization","name":"ASEBIER","url":"https:\/\/www.asebier.org\/","logo":{"@type":"ImageObject","inLanguage":"es","@id":"https:\/\/www.asebier.org\/#\/schema\/logo\/image\/","url":"https:\/\/www.asebier.org\/wp-content\/uploads\/2023\/11\/logo_asebier.png","contentUrl":"https:\/\/www.asebier.org\/wp-content\/uploads\/2023\/11\/logo_asebier.png","width":595,"height":420,"caption":"ASEBIER"},"image":{"@id":"https:\/\/www.asebier.org\/#\/schema\/logo\/image\/"}},{"@type":"Person","@id":"https:\/\/www.asebier.org\/#\/schema\/person\/11058a0903ea58288614bf2335d20d21","name":"Asebier","image":{"@type":"ImageObject","inLanguage":"es","@id":"https:\/\/secure.gravatar.com\/avatar\/bc272ffafacc0541c205fc3aaeaf62b2c2fa37e14be82248f72a31fb74d663a8?s=96&d=mm&r=g","url":"https:\/\/secure.gravatar.com\/avatar\/bc272ffafacc0541c205fc3aaeaf62b2c2fa37e14be82248f72a31fb74d663a8?s=96&d=mm&r=g","contentUrl":"https:\/\/secure.gravatar.com\/avatar\/bc272ffafacc0541c205fc3aaeaf62b2c2fa37e14be82248f72a31fb74d663a8?s=96&d=mm&r=g","caption":"Asebier"},"url":"https:\/\/www.asebier.org\/?author=2"}]}},"_links":{"self":[{"href":"https:\/\/www.asebier.org\/index.php?rest_route=\/wp\/v2\/posts\/1011","targetHints":{"allow":["GET"]}}],"collection":[{"href":"https:\/\/www.asebier.org\/index.php?rest_route=\/wp\/v2\/posts"}],"about":[{"href":"https:\/\/www.asebier.org\/index.php?rest_route=\/wp\/v2\/types\/post"}],"author":[{"embeddable":true,"href":"https:\/\/www.asebier.org\/index.php?rest_route=\/wp\/v2\/users\/2"}],"replies":[{"embeddable":true,"href":"https:\/\/www.asebier.org\/index.php?rest_route=%2Fwp%2Fv2%2Fcomments&post=1011"}],"version-history":[{"count":4,"href":"https:\/\/www.asebier.org\/index.php?rest_route=\/wp\/v2\/posts\/1011\/revisions"}],"predecessor-version":[{"id":1195,"href":"https:\/\/www.asebier.org\/index.php?rest_route=\/wp\/v2\/posts\/1011\/revisions\/1195"}],"wp:attachment":[{"href":"https:\/\/www.asebier.org\/index.php?rest_route=%2Fwp%2Fv2%2Fmedia&parent=1011"}],"wp:term":[{"taxonomy":"category","embeddable":true,"href":"https:\/\/www.asebier.org\/index.php?rest_route=%2Fwp%2Fv2%2Fcategories&post=1011"},{"taxonomy":"post_tag","embeddable":true,"href":"https:\/\/www.asebier.org\/index.php?rest_route=%2Fwp%2Fv2%2Ftags&post=1011"}],"curies":[{"name":"wp","href":"https:\/\/api.w.org\/{rel}","templated":true}]}}